{"id":27003,"date":"2026-04-30T13:37:15","date_gmt":"2026-04-30T11:37:15","guid":{"rendered":"http:\/\/spbazanowice.com.pl\/?p=27003"},"modified":"2026-04-30T13:37:16","modified_gmt":"2026-04-30T11:37:16","slug":"zywa-lekcja-historii-klasa-7-z-wizyta-w-rezydencji-prezydenta-rp-w-wisle","status":"publish","type":"post","link":"http:\/\/spbazanowice.com.pl\/?p=27003","title":{"rendered":"\u017bywa lekcja historii \u2013 klasa 7 z wizyt\u0105 w Rezydencji Prezydenta RP w Wi\u015ble"},"content":{"rendered":"\n<p>W dniu 29 kwietnia uczniowie klasy 7 wybrali si\u0119 na wyj\u0105tkow\u0105 wycieczk\u0119 do Wis\u0142y. G\u0142\u00f3wnym punktem programu by\u0142o zwiedzanie Zamku Prezydenta Rzeczypospolitej Polskiej, kt\u00f3ry dumnie wznosi si\u0119 na zboczu Zadniego Gronia.<\/p>\n\n\n\n<p>Spaceruj\u0105c po historycznych wn\u0119trzach, mieli\u015bmy okazj\u0119 pozna\u0107 nie tylko architektur\u0119 tego miejsca, ale przede wszystkim us\u0142ysze\u0107 mn\u00f3stwo fascynuj\u0105cych opowie\u015bci z nim zwi\u0105zanych. By\u0142a to dla nas prawdziwa \u017cywa lekcja historii, kt\u00f3ra pozwoli\u0142a lepiej zrozumie\u0107 losy naszej ojczyzny i rol\u0119, jak\u0105 ten obiekt pe\u0142ni\u0142 na przestrzeni lat.<\/p>\n\n\n\n<p>Po solidnej dawce wiedzy przyszed\u0142 czas na rekreacj\u0119. Udali\u015bmy si\u0119 na spacer po centrum Wis\u0142y, kt\u00f3ry by\u0142 \u015bwietn\u0105 okazj\u0105 do wsp\u00f3lnych rozm\u00f3w i integracji klasowej.<\/p>\n\n\n\n<figure class=\"wp-block-gallery has-nested-images columns-1 is-cropped wp-block-gallery-1 is-layout-flex wp-block-gallery-is-layout-flex\">\n<figure class=\"wp-block-image size-large\"><img fetchpriority=\"high\" decoding=\"async\" width=\"1024\" height=\"576\" data-id=\"27005\" src=\"http:\/\/spbazanowice.com.pl\/wp-content\/uploads\/2026\/04\/2-10-1024x576.png\" alt=\"\" class=\"wp-image-27005\" srcset=\"http:\/\/spbazanowice.com.pl\/wp-content\/uploads\/2026\/04\/2-10-1024x576.png 1024w, http:\/\/spbazanowice.com.pl\/wp-content\/uploads\/2026\/04\/2-10-300x169.png 300w, http:\/\/spbazanowice.com.pl\/wp-content\/uploads\/2026\/04\/2-10-768x432.png 768w, http:\/\/spbazanowice.com.pl\/wp-content\/uploads\/2026\/04\/2-10-1536x864.png 1536w, http:\/\/spbazanowice.com.pl\/wp-content\/uploads\/2026\/04\/2-10.png 1920w\" sizes=\"(max-width: 1024px) 100vw, 1024px\" \/><\/figure>\n\n\n\n<figure class=\"wp-block-image size-large\"><img decoding=\"async\" width=\"1024\" height=\"576\" data-id=\"27006\" src=\"http:\/\/spbazanowice.com.pl\/wp-content\/uploads\/2026\/04\/3-10-1024x576.png\" alt=\"\" class=\"wp-image-27006\" srcset=\"http:\/\/spbazanowice.com.pl\/wp-content\/uploads\/2026\/04\/3-10-1024x576.png 1024w, http:\/\/spbazanowice.com.pl\/wp-content\/uploads\/2026\/04\/3-10-300x169.png 300w, http:\/\/spbazanowice.com.pl\/wp-content\/uploads\/2026\/04\/3-10-768x432.png 768w, http:\/\/spbazanowice.com.pl\/wp-content\/uploads\/2026\/04\/3-10-1536x864.png 1536w, http:\/\/spbazanowice.com.pl\/wp-content\/uploads\/2026\/04\/3-10.png 1920w\" sizes=\"(max-width: 1024px) 100vw, 1024px\" \/><\/figure>\n<\/figure>\n","protected":false},"excerpt":{"rendered":"<p>W dniu 29 kwietnia uczniowie klasy 7 wybrali si\u0119 na wyj\u0105tkow\u0105 wycieczk\u0119 do Wis\u0142y. G\u0142\u00f3wnym punktem programu by\u0142o zwiedzanie Zamku Prezydenta Rzeczypospolitej Polskiej, kt\u00f3ry dumnie wznosi si\u0119 na zboczu Zadniego Gronia. Spaceruj\u0105c po historycznych wn\u0119trzach, mieli\u015bmy okazj\u0119 pozna\u0107 nie tylko architektur\u0119 tego miejsca, ale przede wszystkim us\u0142ysze\u0107 mn\u00f3stwo fascynuj\u0105cych opowie\u015bci z nim zwi\u0105zanych. By\u0142a to [&hellip;]<\/p>\n","protected":false},"author":5,"featured_media":27004,"comment_status":"closed","ping_status":"open","sticky":false,"template":"","format":"standard","meta":{"footnotes":""},"categories":[9],"tags":[],"class_list":["post-27003","post","type-post","status-publish","format-standard","has-post-thumbnail","hentry","category-aktualnosci"],"yoast_head":"<!-- This site is optimized with the Yoast SEO plugin v24.7 - https:\/\/yoast.com\/wordpress\/plugins\/seo\/ -->\n<title>\u017bywa lekcja historii \u2013 klasa 7 z wizyt\u0105 w Rezydencji Prezydenta RP w Wi\u015ble - Szko\u0142a Podstawowa im. Paw\u0142a Stalmacha w Ba\u017canowicach<\/title>\n<meta name=\"robots\" content=\"index, follow, max-snippet:-1, max-image-preview:large, max-video-preview:-1\" \/>\n<link rel=\"canonical\" href=\"http:\/\/spbazanowice.com.pl\/?p=27003\" \/>\n<meta property=\"og:locale\" content=\"pl_PL\" \/>\n<meta property=\"og:type\" content=\"article\" \/>\n<meta property=\"og:title\" content=\"\u017bywa lekcja historii \u2013 klasa 7 z wizyt\u0105 w Rezydencji Prezydenta RP w Wi\u015ble - Szko\u0142a Podstawowa im. Paw\u0142a Stalmacha w Ba\u017canowicach\" \/>\n<meta property=\"og:description\" content=\"W dniu 29 kwietnia uczniowie klasy 7 wybrali si\u0119 na wyj\u0105tkow\u0105 wycieczk\u0119 do Wis\u0142y. G\u0142\u00f3wnym punktem programu by\u0142o zwiedzanie Zamku Prezydenta Rzeczypospolitej Polskiej, kt\u00f3ry dumnie wznosi si\u0119 na zboczu Zadniego Gronia. Spaceruj\u0105c po historycznych wn\u0119trzach, mieli\u015bmy okazj\u0119 pozna\u0107 nie tylko architektur\u0119 tego miejsca, ale przede wszystkim us\u0142ysze\u0107 mn\u00f3stwo fascynuj\u0105cych opowie\u015bci z nim zwi\u0105zanych. By\u0142a to [&hellip;]\" \/>\n<meta property=\"og:url\" content=\"http:\/\/spbazanowice.com.pl\/?p=27003\" \/>\n<meta property=\"og:site_name\" content=\"Szko\u0142a Podstawowa im. Paw\u0142a Stalmacha w Ba\u017canowicach\" \/>\n<meta property=\"article:publisher\" content=\"https:\/\/www.facebook.com\/people\/Szkoa-Podstawowa-im-Pawa-Stalmacha-w-Baanowicach\/100063560261577\/\" \/>\n<meta property=\"article:published_time\" content=\"2026-04-30T11:37:15+00:00\" \/>\n<meta property=\"article:modified_time\" content=\"2026-04-30T11:37:16+00:00\" \/>\n<meta property=\"og:image\" content=\"http:\/\/spbazanowice.com.pl\/wp-content\/uploads\/2026\/04\/1-11-1024x576.png\" \/>\n\t<meta property=\"og:image:width\" content=\"1024\" \/>\n\t<meta property=\"og:image:height\" content=\"576\" \/>\n\t<meta property=\"og:image:type\" content=\"image\/png\" \/>\n<meta name=\"author\" content=\"Micha\u0142 D\u0105browski\" \/>\n<meta name=\"twitter:card\" content=\"summary_large_image\" \/>\n<meta name=\"twitter:label1\" content=\"Napisane przez\" \/>\n\t<meta name=\"twitter:data1\" content=\"\" \/>\n\t<meta name=\"twitter:label2\" content=\"Szacowany czas czytania\" \/>\n\t<meta name=\"twitter:data2\" content=\"2 minuty\" \/>\n<script type=\"application\/ld+json\" class=\"yoast-schema-graph\">{\"@context\":\"https:\/\/schema.org\",\"@graph\":[{\"@type\":\"Article\",\"@id\":\"http:\/\/spbazanowice.com.pl\/?p=27003#article\",\"isPartOf\":{\"@id\":\"http:\/\/spbazanowice.com.pl\/?p=27003\"},\"author\":{\"name\":\"Micha\u0142 D\u0105browski\",\"@id\":\"http:\/\/spbazanowice.com.pl\/#\/schema\/person\/33ef86d4a184dd9a737e21bfdcb04f7f\"},\"headline\":\"\u017bywa lekcja historii \u2013 klasa 7 z wizyt\u0105 w Rezydencji Prezydenta RP w Wi\u015ble\",\"datePublished\":\"2026-04-30T11:37:15+00:00\",\"dateModified\":\"2026-04-30T11:37:16+00:00\",\"mainEntityOfPage\":{\"@id\":\"http:\/\/spbazanowice.com.pl\/?p=27003\"},\"wordCount\":135,\"publisher\":{\"@id\":\"http:\/\/spbazanowice.com.pl\/#organization\"},\"image\":{\"@id\":\"http:\/\/spbazanowice.com.pl\/?p=27003#primaryimage\"},\"thumbnailUrl\":\"http:\/\/spbazanowice.com.pl\/wp-content\/uploads\/2026\/04\/1-11.png\",\"articleSection\":[\"Aktualno\u015bci\"],\"inLanguage\":\"pl-PL\"},{\"@type\":\"WebPage\",\"@id\":\"http:\/\/spbazanowice.com.pl\/?p=27003\",\"url\":\"http:\/\/spbazanowice.com.pl\/?p=27003\",\"name\":\"\u017bywa lekcja historii \u2013 klasa 7 z wizyt\u0105 w Rezydencji Prezydenta RP w Wi\u015ble - Szko\u0142a Podstawowa im. Paw\u0142a Stalmacha w Ba\u017canowicach\",\"isPartOf\":{\"@id\":\"http:\/\/spbazanowice.com.pl\/#website\"},\"primaryImageOfPage\":{\"@id\":\"http:\/\/spbazanowice.com.pl\/?p=27003#primaryimage\"},\"image\":{\"@id\":\"http:\/\/spbazanowice.com.pl\/?p=27003#primaryimage\"},\"thumbnailUrl\":\"http:\/\/spbazanowice.com.pl\/wp-content\/uploads\/2026\/04\/1-11.png\",\"datePublished\":\"2026-04-30T11:37:15+00:00\",\"dateModified\":\"2026-04-30T11:37:16+00:00\",\"breadcrumb\":{\"@id\":\"http:\/\/spbazanowice.com.pl\/?p=27003#breadcrumb\"},\"inLanguage\":\"pl-PL\",\"potentialAction\":[{\"@type\":\"ReadAction\",\"target\":[\"http:\/\/spbazanowice.com.pl\/?p=27003\"]}]},{\"@type\":\"ImageObject\",\"inLanguage\":\"pl-PL\",\"@id\":\"http:\/\/spbazanowice.com.pl\/?p=27003#primaryimage\",\"url\":\"http:\/\/spbazanowice.com.pl\/wp-content\/uploads\/2026\/04\/1-11.png\",\"contentUrl\":\"http:\/\/spbazanowice.com.pl\/wp-content\/uploads\/2026\/04\/1-11.png\",\"width\":1920,\"height\":1080},{\"@type\":\"BreadcrumbList\",\"@id\":\"http:\/\/spbazanowice.com.pl\/?p=27003#breadcrumb\",\"itemListElement\":[{\"@type\":\"ListItem\",\"position\":1,\"name\":\"Strona g\u0142\u00f3wna\",\"item\":\"http:\/\/spbazanowice.com.pl\/\"},{\"@type\":\"ListItem\",\"position\":2,\"name\":\"\u017bywa lekcja historii \u2013 klasa 7 z wizyt\u0105 w Rezydencji Prezydenta RP w Wi\u015ble\"}]},{\"@type\":\"WebSite\",\"@id\":\"http:\/\/spbazanowice.com.pl\/#website\",\"url\":\"http:\/\/spbazanowice.com.pl\/\",\"name\":\"Szko\u0142a Podstawowa im. Paw\u0142a Stalmacha w Ba\u017canowicach\",\"description\":\"\",\"publisher\":{\"@id\":\"http:\/\/spbazanowice.com.pl\/#organization\"},\"potentialAction\":[{\"@type\":\"SearchAction\",\"target\":{\"@type\":\"EntryPoint\",\"urlTemplate\":\"http:\/\/spbazanowice.com.pl\/?s={search_term_string}\"},\"query-input\":{\"@type\":\"PropertyValueSpecification\",\"valueRequired\":true,\"valueName\":\"search_term_string\"}}],\"inLanguage\":\"pl-PL\"},{\"@type\":\"Organization\",\"@id\":\"http:\/\/spbazanowice.com.pl\/#organization\",\"name\":\"Szko\u0142a Podstawowa im. Paw\u0142a Stalmacha w Ba\u017canowicach\",\"url\":\"http:\/\/spbazanowice.com.pl\/\",\"logo\":{\"@type\":\"ImageObject\",\"inLanguage\":\"pl-PL\",\"@id\":\"http:\/\/spbazanowice.com.pl\/#\/schema\/logo\/image\/\",\"url\":\"http:\/\/spbazanowice.com.pl\/wp-content\/uploads\/2023\/03\/IMG-20211220-WA0000-1.jpg\",\"contentUrl\":\"http:\/\/spbazanowice.com.pl\/wp-content\/uploads\/2023\/03\/IMG-20211220-WA0000-1.jpg\",\"width\":353,\"height\":396,\"caption\":\"Szko\u0142a Podstawowa im. Paw\u0142a Stalmacha w Ba\u017canowicach\"},\"image\":{\"@id\":\"http:\/\/spbazanowice.com.pl\/#\/schema\/logo\/image\/\"},\"sameAs\":[\"https:\/\/www.facebook.com\/people\/Szkoa-Podstawowa-im-Pawa-Stalmacha-w-Baanowicach\/100063560261577\/\"]},{\"@type\":\"Person\",\"@id\":\"http:\/\/spbazanowice.com.pl\/#\/schema\/person\/33ef86d4a184dd9a737e21bfdcb04f7f\",\"name\":\"Micha\u0142 D\u0105browski\",\"image\":{\"@type\":\"ImageObject\",\"inLanguage\":\"pl-PL\",\"@id\":\"http:\/\/spbazanowice.com.pl\/#\/schema\/person\/image\/\",\"url\":\"https:\/\/secure.gravatar.com\/avatar\/9ddb49673ee1f918288df843295001d4?s=96&d=mm&r=g\",\"contentUrl\":\"https:\/\/secure.gravatar.com\/avatar\/9ddb49673ee1f918288df843295001d4?s=96&d=mm&r=g\",\"caption\":\"Micha\u0142 D\u0105browski\"},\"url\":\"http:\/\/spbazanowice.com.pl\/?author=5\"}]}<\/script>\n<!-- \/ Yoast SEO plugin. -->","yoast_head_json":{"title":"\u017bywa lekcja historii \u2013 klasa 7 z wizyt\u0105 w Rezydencji Prezydenta RP w Wi\u015ble - Szko\u0142a Podstawowa im. Paw\u0142a Stalmacha w Ba\u017canowicach","robots":{"index":"index","follow":"follow","max-snippet":"max-snippet:-1","max-image-preview":"max-image-preview:large","max-video-preview":"max-video-preview:-1"},"canonical":"http:\/\/spbazanowice.com.pl\/?p=27003","og_locale":"pl_PL","og_type":"article","og_title":"\u017bywa lekcja historii \u2013 klasa 7 z wizyt\u0105 w Rezydencji Prezydenta RP w Wi\u015ble - Szko\u0142a Podstawowa im. Paw\u0142a Stalmacha w Ba\u017canowicach","og_description":"W dniu 29 kwietnia uczniowie klasy 7 wybrali si\u0119 na wyj\u0105tkow\u0105 wycieczk\u0119 do Wis\u0142y. G\u0142\u00f3wnym punktem programu by\u0142o zwiedzanie Zamku Prezydenta Rzeczypospolitej Polskiej, kt\u00f3ry dumnie wznosi si\u0119 na zboczu Zadniego Gronia. Spaceruj\u0105c po historycznych wn\u0119trzach, mieli\u015bmy okazj\u0119 pozna\u0107 nie tylko architektur\u0119 tego miejsca, ale przede wszystkim us\u0142ysze\u0107 mn\u00f3stwo fascynuj\u0105cych opowie\u015bci z nim zwi\u0105zanych. By\u0142a to [&hellip;]","og_url":"http:\/\/spbazanowice.com.pl\/?p=27003","og_site_name":"Szko\u0142a Podstawowa im. Paw\u0142a Stalmacha w Ba\u017canowicach","article_publisher":"https:\/\/www.facebook.com\/people\/Szkoa-Podstawowa-im-Pawa-Stalmacha-w-Baanowicach\/100063560261577\/","article_published_time":"2026-04-30T11:37:15+00:00","article_modified_time":"2026-04-30T11:37:16+00:00","og_image":[{"width":1024,"height":576,"url":"http:\/\/spbazanowice.com.pl\/wp-content\/uploads\/2026\/04\/1-11-1024x576.png","type":"image\/png"}],"author":"Micha\u0142 D\u0105browski","twitter_card":"summary_large_image","twitter_misc":{"Napisane przez":false,"Szacowany czas czytania":"2 minuty"},"schema":{"@context":"https:\/\/schema.org","@graph":[{"@type":"Article","@id":"http:\/\/spbazanowice.com.pl\/?p=27003#article","isPartOf":{"@id":"http:\/\/spbazanowice.com.pl\/?p=27003"},"author":{"name":"Micha\u0142 D\u0105browski","@id":"http:\/\/spbazanowice.com.pl\/#\/schema\/person\/33ef86d4a184dd9a737e21bfdcb04f7f"},"headline":"\u017bywa lekcja historii \u2013 klasa 7 z wizyt\u0105 w Rezydencji Prezydenta RP w Wi\u015ble","datePublished":"2026-04-30T11:37:15+00:00","dateModified":"2026-04-30T11:37:16+00:00","mainEntityOfPage":{"@id":"http:\/\/spbazanowice.com.pl\/?p=27003"},"wordCount":135,"publisher":{"@id":"http:\/\/spbazanowice.com.pl\/#organization"},"image":{"@id":"http:\/\/spbazanowice.com.pl\/?p=27003#primaryimage"},"thumbnailUrl":"http:\/\/spbazanowice.com.pl\/wp-content\/uploads\/2026\/04\/1-11.png","articleSection":["Aktualno\u015bci"],"inLanguage":"pl-PL"},{"@type":"WebPage","@id":"http:\/\/spbazanowice.com.pl\/?p=27003","url":"http:\/\/spbazanowice.com.pl\/?p=27003","name":"\u017bywa lekcja historii \u2013 klasa 7 z wizyt\u0105 w Rezydencji Prezydenta RP w Wi\u015ble - Szko\u0142a Podstawowa im. Paw\u0142a Stalmacha w Ba\u017canowicach","isPartOf":{"@id":"http:\/\/spbazanowice.com.pl\/#website"},"primaryImageOfPage":{"@id":"http:\/\/spbazanowice.com.pl\/?p=27003#primaryimage"},"image":{"@id":"http:\/\/spbazanowice.com.pl\/?p=27003#primaryimage"},"thumbnailUrl":"http:\/\/spbazanowice.com.pl\/wp-content\/uploads\/2026\/04\/1-11.png","datePublished":"2026-04-30T11:37:15+00:00","dateModified":"2026-04-30T11:37:16+00:00","breadcrumb":{"@id":"http:\/\/spbazanowice.com.pl\/?p=27003#breadcrumb"},"inLanguage":"pl-PL","potentialAction":[{"@type":"ReadAction","target":["http:\/\/spbazanowice.com.pl\/?p=27003"]}]},{"@type":"ImageObject","inLanguage":"pl-PL","@id":"http:\/\/spbazanowice.com.pl\/?p=27003#primaryimage","url":"http:\/\/spbazanowice.com.pl\/wp-content\/uploads\/2026\/04\/1-11.png","contentUrl":"http:\/\/spbazanowice.com.pl\/wp-content\/uploads\/2026\/04\/1-11.png","width":1920,"height":1080},{"@type":"BreadcrumbList","@id":"http:\/\/spbazanowice.com.pl\/?p=27003#breadcrumb","itemListElement":[{"@type":"ListItem","position":1,"name":"Strona g\u0142\u00f3wna","item":"http:\/\/spbazanowice.com.pl\/"},{"@type":"ListItem","position":2,"name":"\u017bywa lekcja historii \u2013 klasa 7 z wizyt\u0105 w Rezydencji Prezydenta RP w Wi\u015ble"}]},{"@type":"WebSite","@id":"http:\/\/spbazanowice.com.pl\/#website","url":"http:\/\/spbazanowice.com.pl\/","name":"Szko\u0142a Podstawowa im. Paw\u0142a Stalmacha w Ba\u017canowicach","description":"","publisher":{"@id":"http:\/\/spbazanowice.com.pl\/#organization"},"potentialAction":[{"@type":"SearchAction","target":{"@type":"EntryPoint","urlTemplate":"http:\/\/spbazanowice.com.pl\/?s={search_term_string}"},"query-input":{"@type":"PropertyValueSpecification","valueRequired":true,"valueName":"search_term_string"}}],"inLanguage":"pl-PL"},{"@type":"Organization","@id":"http:\/\/spbazanowice.com.pl\/#organization","name":"Szko\u0142a Podstawowa im. Paw\u0142a Stalmacha w Ba\u017canowicach","url":"http:\/\/spbazanowice.com.pl\/","logo":{"@type":"ImageObject","inLanguage":"pl-PL","@id":"http:\/\/spbazanowice.com.pl\/#\/schema\/logo\/image\/","url":"http:\/\/spbazanowice.com.pl\/wp-content\/uploads\/2023\/03\/IMG-20211220-WA0000-1.jpg","contentUrl":"http:\/\/spbazanowice.com.pl\/wp-content\/uploads\/2023\/03\/IMG-20211220-WA0000-1.jpg","width":353,"height":396,"caption":"Szko\u0142a Podstawowa im. Paw\u0142a Stalmacha w Ba\u017canowicach"},"image":{"@id":"http:\/\/spbazanowice.com.pl\/#\/schema\/logo\/image\/"},"sameAs":["https:\/\/www.facebook.com\/people\/Szkoa-Podstawowa-im-Pawa-Stalmacha-w-Baanowicach\/100063560261577\/"]},{"@type":"Person","@id":"http:\/\/spbazanowice.com.pl\/#\/schema\/person\/33ef86d4a184dd9a737e21bfdcb04f7f","name":"Micha\u0142 D\u0105browski","image":{"@type":"ImageObject","inLanguage":"pl-PL","@id":"http:\/\/spbazanowice.com.pl\/#\/schema\/person\/image\/","url":"https:\/\/secure.gravatar.com\/avatar\/9ddb49673ee1f918288df843295001d4?s=96&d=mm&r=g","contentUrl":"https:\/\/secure.gravatar.com\/avatar\/9ddb49673ee1f918288df843295001d4?s=96&d=mm&r=g","caption":"Micha\u0142 D\u0105browski"},"url":"http:\/\/spbazanowice.com.pl\/?author=5"}]}},"_links":{"self":[{"href":"http:\/\/spbazanowice.com.pl\/index.php?rest_route=\/wp\/v2\/posts\/27003","targetHints":{"allow":["GET"]}}],"collection":[{"href":"http:\/\/spbazanowice.com.pl\/index.php?rest_route=\/wp\/v2\/posts"}],"about":[{"href":"http:\/\/spbazanowice.com.pl\/index.php?rest_route=\/wp\/v2\/types\/post"}],"author":[{"embeddable":true,"href":"http:\/\/spbazanowice.com.pl\/index.php?rest_route=\/wp\/v2\/users\/5"}],"replies":[{"embeddable":true,"href":"http:\/\/spbazanowice.com.pl\/index.php?rest_route=%2Fwp%2Fv2%2Fcomments&post=27003"}],"version-history":[{"count":1,"href":"http:\/\/spbazanowice.com.pl\/index.php?rest_route=\/wp\/v2\/posts\/27003\/revisions"}],"predecessor-version":[{"id":27007,"href":"http:\/\/spbazanowice.com.pl\/index.php?rest_route=\/wp\/v2\/posts\/27003\/revisions\/27007"}],"wp:featuredmedia":[{"embeddable":true,"href":"http:\/\/spbazanowice.com.pl\/index.php?rest_route=\/wp\/v2\/media\/27004"}],"wp:attachment":[{"href":"http:\/\/spbazanowice.com.pl\/index.php?rest_route=%2Fwp%2Fv2%2Fmedia&parent=27003"}],"wp:term":[{"taxonomy":"category","embeddable":true,"href":"http:\/\/spbazanowice.com.pl\/index.php?rest_route=%2Fwp%2Fv2%2Fcategories&post=27003"},{"taxonomy":"post_tag","embeddable":true,"href":"http:\/\/spbazanowice.com.pl\/index.php?rest_route=%2Fwp%2Fv2%2Ftags&post=27003"}],"curies":[{"name":"wp","href":"https:\/\/api.w.org\/{rel}","templated":true}]}}