{"id":26978,"date":"2026-04-29T19:01:11","date_gmt":"2026-04-29T17:01:11","guid":{"rendered":"http:\/\/spbazanowice.com.pl\/?p=26978"},"modified":"2026-04-29T19:01:12","modified_gmt":"2026-04-29T17:01:12","slug":"miedzynarodowy-dzien-tanca-2","status":"publish","type":"post","link":"http:\/\/spbazanowice.com.pl\/?p=26978","title":{"rendered":"Mi\u0119dzynarodowy Dzie\u0144 Ta\u0144ca"},"content":{"rendered":"\n<p>W naszej szkole \u015bwi\u0119towali\u015bmy rado\u015bnie Mi\u0119dzynarodowy Dzie\u0144 Ta\u0144ca, kt\u00f3ry na ca\u0142ym \u015bwiecie obchodzony jest 29 kwietnia i ma na celu promowanie ta\u0144ca jako uniwersalnego j\u0119zyka \u0142\u0105cz\u0105cego ludzi.<\/p>\n\n\n\n<p>Dzie\u0144 up\u0142yn\u0105\u0142 w rytmie muzyki i dobrej zabawy! Uczniowie na przerwach ch\u0119tnie ta\u0144czyli na szkolnym holu, tworzyli w\u0142asne uk\u0142ady taneczne oraz brali udzia\u0142 w licznych grach i zabawach ruchowych. Nie zabrak\u0142o r\u00f3wnie\u017c wsp\u00f3lnego ta\u0144ca \u201eBelgijka\u201d, kt\u00f3ry porwa\u0142 wszystkich do wsp\u00f3lnej integracji.<\/p>\n\n\n\n<p>Dzie\u0144 rozpocz\u0105\u0142 si\u0119 wyj\u0105tkowo \u2013 od niespodziewanego, tanecznego wej\u015bcia do szko\u0142y\u2026 ale o tym ju\u017c w kolejnym po\u015bcie \ud83d\ude01<br>Za organizacj\u0119 dzisiejszego, pe\u0142nego energii wydarzenia odpowiedzialna by\u0142a pani Patrycja Pietraczyk.<\/p>\n\n\n\n<p>To by\u0142 naprawd\u0119 bardzo weso\u0142y i pe\u0142en u\u015bmiechu dzie\u0144! \ud83d\udc83\ud83d\udd7a<\/p>\n","protected":false},"excerpt":{"rendered":"<p>W naszej szkole \u015bwi\u0119towali\u015bmy rado\u015bnie Mi\u0119dzynarodowy Dzie\u0144 Ta\u0144ca, kt\u00f3ry na ca\u0142ym \u015bwiecie obchodzony jest 29 kwietnia i ma na celu promowanie ta\u0144ca jako uniwersalnego j\u0119zyka \u0142\u0105cz\u0105cego ludzi. Dzie\u0144 up\u0142yn\u0105\u0142 w rytmie muzyki i dobrej zabawy! Uczniowie na przerwach ch\u0119tnie ta\u0144czyli na szkolnym holu, tworzyli w\u0142asne uk\u0142ady taneczne oraz brali udzia\u0142 w licznych grach i zabawach [&hellip;]<\/p>\n","protected":false},"author":5,"featured_media":26979,"comment_status":"closed","ping_status":"open","sticky":false,"template":"","format":"standard","meta":{"footnotes":""},"categories":[9],"tags":[],"class_list":["post-26978","post","type-post","status-publish","format-standard","has-post-thumbnail","hentry","category-aktualnosci"],"yoast_head":"<!-- This site is optimized with the Yoast SEO plugin v24.7 - https:\/\/yoast.com\/wordpress\/plugins\/seo\/ -->\n<title>Mi\u0119dzynarodowy Dzie\u0144 Ta\u0144ca - Szko\u0142a Podstawowa im. Paw\u0142a Stalmacha w Ba\u017canowicach<\/title>\n<meta name=\"robots\" content=\"index, follow, max-snippet:-1, max-image-preview:large, max-video-preview:-1\" \/>\n<link rel=\"canonical\" href=\"http:\/\/spbazanowice.com.pl\/?p=26978\" \/>\n<meta property=\"og:locale\" content=\"pl_PL\" \/>\n<meta property=\"og:type\" content=\"article\" \/>\n<meta property=\"og:title\" content=\"Mi\u0119dzynarodowy Dzie\u0144 Ta\u0144ca - Szko\u0142a Podstawowa im. Paw\u0142a Stalmacha w Ba\u017canowicach\" \/>\n<meta property=\"og:description\" content=\"W naszej szkole \u015bwi\u0119towali\u015bmy rado\u015bnie Mi\u0119dzynarodowy Dzie\u0144 Ta\u0144ca, kt\u00f3ry na ca\u0142ym \u015bwiecie obchodzony jest 29 kwietnia i ma na celu promowanie ta\u0144ca jako uniwersalnego j\u0119zyka \u0142\u0105cz\u0105cego ludzi. Dzie\u0144 up\u0142yn\u0105\u0142 w rytmie muzyki i dobrej zabawy! Uczniowie na przerwach ch\u0119tnie ta\u0144czyli na szkolnym holu, tworzyli w\u0142asne uk\u0142ady taneczne oraz brali udzia\u0142 w licznych grach i zabawach [&hellip;]\" \/>\n<meta property=\"og:url\" content=\"http:\/\/spbazanowice.com.pl\/?p=26978\" \/>\n<meta property=\"og:site_name\" content=\"Szko\u0142a Podstawowa im. Paw\u0142a Stalmacha w Ba\u017canowicach\" \/>\n<meta property=\"article:publisher\" content=\"https:\/\/www.facebook.com\/people\/Szkoa-Podstawowa-im-Pawa-Stalmacha-w-Baanowicach\/100063560261577\/\" \/>\n<meta property=\"article:published_time\" content=\"2026-04-29T17:01:11+00:00\" \/>\n<meta property=\"article:modified_time\" content=\"2026-04-29T17:01:12+00:00\" \/>\n<meta property=\"og:image\" content=\"http:\/\/spbazanowice.com.pl\/wp-content\/uploads\/2026\/04\/Pink-and-Yellow-Creative-Illustration-International-Dance-Day-Celebration-Instagram-Post.png\" \/>\n\t<meta property=\"og:image:width\" content=\"1080\" \/>\n\t<meta property=\"og:image:height\" content=\"1080\" \/>\n\t<meta property=\"og:image:type\" content=\"image\/png\" \/>\n<meta name=\"author\" content=\"Micha\u0142 D\u0105browski\" \/>\n<meta name=\"twitter:card\" content=\"summary_large_image\" \/>\n<meta name=\"twitter:label1\" content=\"Napisane przez\" \/>\n\t<meta name=\"twitter:data1\" content=\"\" \/>\n\t<meta name=\"twitter:label2\" content=\"Szacowany czas czytania\" \/>\n\t<meta name=\"twitter:data2\" content=\"1 minuta\" \/>\n<script type=\"application\/ld+json\" class=\"yoast-schema-graph\">{\"@context\":\"https:\/\/schema.org\",\"@graph\":[{\"@type\":\"Article\",\"@id\":\"http:\/\/spbazanowice.com.pl\/?p=26978#article\",\"isPartOf\":{\"@id\":\"http:\/\/spbazanowice.com.pl\/?p=26978\"},\"author\":{\"name\":\"Micha\u0142 D\u0105browski\",\"@id\":\"http:\/\/spbazanowice.com.pl\/#\/schema\/person\/33ef86d4a184dd9a737e21bfdcb04f7f\"},\"headline\":\"Mi\u0119dzynarodowy Dzie\u0144 Ta\u0144ca\",\"datePublished\":\"2026-04-29T17:01:11+00:00\",\"dateModified\":\"2026-04-29T17:01:12+00:00\",\"mainEntityOfPage\":{\"@id\":\"http:\/\/spbazanowice.com.pl\/?p=26978\"},\"wordCount\":139,\"publisher\":{\"@id\":\"http:\/\/spbazanowice.com.pl\/#organization\"},\"image\":{\"@id\":\"http:\/\/spbazanowice.com.pl\/?p=26978#primaryimage\"},\"thumbnailUrl\":\"http:\/\/spbazanowice.com.pl\/wp-content\/uploads\/2026\/04\/Pink-and-Yellow-Creative-Illustration-International-Dance-Day-Celebration-Instagram-Post.png\",\"articleSection\":[\"Aktualno\u015bci\"],\"inLanguage\":\"pl-PL\"},{\"@type\":\"WebPage\",\"@id\":\"http:\/\/spbazanowice.com.pl\/?p=26978\",\"url\":\"http:\/\/spbazanowice.com.pl\/?p=26978\",\"name\":\"Mi\u0119dzynarodowy Dzie\u0144 Ta\u0144ca - Szko\u0142a Podstawowa im. Paw\u0142a Stalmacha w Ba\u017canowicach\",\"isPartOf\":{\"@id\":\"http:\/\/spbazanowice.com.pl\/#website\"},\"primaryImageOfPage\":{\"@id\":\"http:\/\/spbazanowice.com.pl\/?p=26978#primaryimage\"},\"image\":{\"@id\":\"http:\/\/spbazanowice.com.pl\/?p=26978#primaryimage\"},\"thumbnailUrl\":\"http:\/\/spbazanowice.com.pl\/wp-content\/uploads\/2026\/04\/Pink-and-Yellow-Creative-Illustration-International-Dance-Day-Celebration-Instagram-Post.png\",\"datePublished\":\"2026-04-29T17:01:11+00:00\",\"dateModified\":\"2026-04-29T17:01:12+00:00\",\"breadcrumb\":{\"@id\":\"http:\/\/spbazanowice.com.pl\/?p=26978#breadcrumb\"},\"inLanguage\":\"pl-PL\",\"potentialAction\":[{\"@type\":\"ReadAction\",\"target\":[\"http:\/\/spbazanowice.com.pl\/?p=26978\"]}]},{\"@type\":\"ImageObject\",\"inLanguage\":\"pl-PL\",\"@id\":\"http:\/\/spbazanowice.com.pl\/?p=26978#primaryimage\",\"url\":\"http:\/\/spbazanowice.com.pl\/wp-content\/uploads\/2026\/04\/Pink-and-Yellow-Creative-Illustration-International-Dance-Day-Celebration-Instagram-Post.png\",\"contentUrl\":\"http:\/\/spbazanowice.com.pl\/wp-content\/uploads\/2026\/04\/Pink-and-Yellow-Creative-Illustration-International-Dance-Day-Celebration-Instagram-Post.png\",\"width\":1080,\"height\":1080},{\"@type\":\"BreadcrumbList\",\"@id\":\"http:\/\/spbazanowice.com.pl\/?p=26978#breadcrumb\",\"itemListElement\":[{\"@type\":\"ListItem\",\"position\":1,\"name\":\"Strona g\u0142\u00f3wna\",\"item\":\"http:\/\/spbazanowice.com.pl\/\"},{\"@type\":\"ListItem\",\"position\":2,\"name\":\"Mi\u0119dzynarodowy Dzie\u0144 Ta\u0144ca\"}]},{\"@type\":\"WebSite\",\"@id\":\"http:\/\/spbazanowice.com.pl\/#website\",\"url\":\"http:\/\/spbazanowice.com.pl\/\",\"name\":\"Szko\u0142a Podstawowa im. Paw\u0142a Stalmacha w Ba\u017canowicach\",\"description\":\"\",\"publisher\":{\"@id\":\"http:\/\/spbazanowice.com.pl\/#organization\"},\"potentialAction\":[{\"@type\":\"SearchAction\",\"target\":{\"@type\":\"EntryPoint\",\"urlTemplate\":\"http:\/\/spbazanowice.com.pl\/?s={search_term_string}\"},\"query-input\":{\"@type\":\"PropertyValueSpecification\",\"valueRequired\":true,\"valueName\":\"search_term_string\"}}],\"inLanguage\":\"pl-PL\"},{\"@type\":\"Organization\",\"@id\":\"http:\/\/spbazanowice.com.pl\/#organization\",\"name\":\"Szko\u0142a Podstawowa im. Paw\u0142a Stalmacha w Ba\u017canowicach\",\"url\":\"http:\/\/spbazanowice.com.pl\/\",\"logo\":{\"@type\":\"ImageObject\",\"inLanguage\":\"pl-PL\",\"@id\":\"http:\/\/spbazanowice.com.pl\/#\/schema\/logo\/image\/\",\"url\":\"http:\/\/spbazanowice.com.pl\/wp-content\/uploads\/2023\/03\/IMG-20211220-WA0000-1.jpg\",\"contentUrl\":\"http:\/\/spbazanowice.com.pl\/wp-content\/uploads\/2023\/03\/IMG-20211220-WA0000-1.jpg\",\"width\":353,\"height\":396,\"caption\":\"Szko\u0142a Podstawowa im. Paw\u0142a Stalmacha w Ba\u017canowicach\"},\"image\":{\"@id\":\"http:\/\/spbazanowice.com.pl\/#\/schema\/logo\/image\/\"},\"sameAs\":[\"https:\/\/www.facebook.com\/people\/Szkoa-Podstawowa-im-Pawa-Stalmacha-w-Baanowicach\/100063560261577\/\"]},{\"@type\":\"Person\",\"@id\":\"http:\/\/spbazanowice.com.pl\/#\/schema\/person\/33ef86d4a184dd9a737e21bfdcb04f7f\",\"name\":\"Micha\u0142 D\u0105browski\",\"image\":{\"@type\":\"ImageObject\",\"inLanguage\":\"pl-PL\",\"@id\":\"http:\/\/spbazanowice.com.pl\/#\/schema\/person\/image\/\",\"url\":\"https:\/\/secure.gravatar.com\/avatar\/9ddb49673ee1f918288df843295001d4?s=96&d=mm&r=g\",\"contentUrl\":\"https:\/\/secure.gravatar.com\/avatar\/9ddb49673ee1f918288df843295001d4?s=96&d=mm&r=g\",\"caption\":\"Micha\u0142 D\u0105browski\"},\"url\":\"http:\/\/spbazanowice.com.pl\/?author=5\"}]}<\/script>\n<!-- \/ Yoast SEO plugin. -->","yoast_head_json":{"title":"Mi\u0119dzynarodowy Dzie\u0144 Ta\u0144ca - Szko\u0142a Podstawowa im. Paw\u0142a Stalmacha w Ba\u017canowicach","robots":{"index":"index","follow":"follow","max-snippet":"max-snippet:-1","max-image-preview":"max-image-preview:large","max-video-preview":"max-video-preview:-1"},"canonical":"http:\/\/spbazanowice.com.pl\/?p=26978","og_locale":"pl_PL","og_type":"article","og_title":"Mi\u0119dzynarodowy Dzie\u0144 Ta\u0144ca - Szko\u0142a Podstawowa im. Paw\u0142a Stalmacha w Ba\u017canowicach","og_description":"W naszej szkole \u015bwi\u0119towali\u015bmy rado\u015bnie Mi\u0119dzynarodowy Dzie\u0144 Ta\u0144ca, kt\u00f3ry na ca\u0142ym \u015bwiecie obchodzony jest 29 kwietnia i ma na celu promowanie ta\u0144ca jako uniwersalnego j\u0119zyka \u0142\u0105cz\u0105cego ludzi. Dzie\u0144 up\u0142yn\u0105\u0142 w rytmie muzyki i dobrej zabawy! Uczniowie na przerwach ch\u0119tnie ta\u0144czyli na szkolnym holu, tworzyli w\u0142asne uk\u0142ady taneczne oraz brali udzia\u0142 w licznych grach i zabawach [&hellip;]","og_url":"http:\/\/spbazanowice.com.pl\/?p=26978","og_site_name":"Szko\u0142a Podstawowa im. Paw\u0142a Stalmacha w Ba\u017canowicach","article_publisher":"https:\/\/www.facebook.com\/people\/Szkoa-Podstawowa-im-Pawa-Stalmacha-w-Baanowicach\/100063560261577\/","article_published_time":"2026-04-29T17:01:11+00:00","article_modified_time":"2026-04-29T17:01:12+00:00","og_image":[{"width":1080,"height":1080,"url":"http:\/\/spbazanowice.com.pl\/wp-content\/uploads\/2026\/04\/Pink-and-Yellow-Creative-Illustration-International-Dance-Day-Celebration-Instagram-Post.png","type":"image\/png"}],"author":"Micha\u0142 D\u0105browski","twitter_card":"summary_large_image","twitter_misc":{"Napisane przez":false,"Szacowany czas czytania":"1 minuta"},"schema":{"@context":"https:\/\/schema.org","@graph":[{"@type":"Article","@id":"http:\/\/spbazanowice.com.pl\/?p=26978#article","isPartOf":{"@id":"http:\/\/spbazanowice.com.pl\/?p=26978"},"author":{"name":"Micha\u0142 D\u0105browski","@id":"http:\/\/spbazanowice.com.pl\/#\/schema\/person\/33ef86d4a184dd9a737e21bfdcb04f7f"},"headline":"Mi\u0119dzynarodowy Dzie\u0144 Ta\u0144ca","datePublished":"2026-04-29T17:01:11+00:00","dateModified":"2026-04-29T17:01:12+00:00","mainEntityOfPage":{"@id":"http:\/\/spbazanowice.com.pl\/?p=26978"},"wordCount":139,"publisher":{"@id":"http:\/\/spbazanowice.com.pl\/#organization"},"image":{"@id":"http:\/\/spbazanowice.com.pl\/?p=26978#primaryimage"},"thumbnailUrl":"http:\/\/spbazanowice.com.pl\/wp-content\/uploads\/2026\/04\/Pink-and-Yellow-Creative-Illustration-International-Dance-Day-Celebration-Instagram-Post.png","articleSection":["Aktualno\u015bci"],"inLanguage":"pl-PL"},{"@type":"WebPage","@id":"http:\/\/spbazanowice.com.pl\/?p=26978","url":"http:\/\/spbazanowice.com.pl\/?p=26978","name":"Mi\u0119dzynarodowy Dzie\u0144 Ta\u0144ca - Szko\u0142a Podstawowa im. Paw\u0142a Stalmacha w Ba\u017canowicach","isPartOf":{"@id":"http:\/\/spbazanowice.com.pl\/#website"},"primaryImageOfPage":{"@id":"http:\/\/spbazanowice.com.pl\/?p=26978#primaryimage"},"image":{"@id":"http:\/\/spbazanowice.com.pl\/?p=26978#primaryimage"},"thumbnailUrl":"http:\/\/spbazanowice.com.pl\/wp-content\/uploads\/2026\/04\/Pink-and-Yellow-Creative-Illustration-International-Dance-Day-Celebration-Instagram-Post.png","datePublished":"2026-04-29T17:01:11+00:00","dateModified":"2026-04-29T17:01:12+00:00","breadcrumb":{"@id":"http:\/\/spbazanowice.com.pl\/?p=26978#breadcrumb"},"inLanguage":"pl-PL","potentialAction":[{"@type":"ReadAction","target":["http:\/\/spbazanowice.com.pl\/?p=26978"]}]},{"@type":"ImageObject","inLanguage":"pl-PL","@id":"http:\/\/spbazanowice.com.pl\/?p=26978#primaryimage","url":"http:\/\/spbazanowice.com.pl\/wp-content\/uploads\/2026\/04\/Pink-and-Yellow-Creative-Illustration-International-Dance-Day-Celebration-Instagram-Post.png","contentUrl":"http:\/\/spbazanowice.com.pl\/wp-content\/uploads\/2026\/04\/Pink-and-Yellow-Creative-Illustration-International-Dance-Day-Celebration-Instagram-Post.png","width":1080,"height":1080},{"@type":"BreadcrumbList","@id":"http:\/\/spbazanowice.com.pl\/?p=26978#breadcrumb","itemListElement":[{"@type":"ListItem","position":1,"name":"Strona g\u0142\u00f3wna","item":"http:\/\/spbazanowice.com.pl\/"},{"@type":"ListItem","position":2,"name":"Mi\u0119dzynarodowy Dzie\u0144 Ta\u0144ca"}]},{"@type":"WebSite","@id":"http:\/\/spbazanowice.com.pl\/#website","url":"http:\/\/spbazanowice.com.pl\/","name":"Szko\u0142a Podstawowa im. Paw\u0142a Stalmacha w Ba\u017canowicach","description":"","publisher":{"@id":"http:\/\/spbazanowice.com.pl\/#organization"},"potentialAction":[{"@type":"SearchAction","target":{"@type":"EntryPoint","urlTemplate":"http:\/\/spbazanowice.com.pl\/?s={search_term_string}"},"query-input":{"@type":"PropertyValueSpecification","valueRequired":true,"valueName":"search_term_string"}}],"inLanguage":"pl-PL"},{"@type":"Organization","@id":"http:\/\/spbazanowice.com.pl\/#organization","name":"Szko\u0142a Podstawowa im. Paw\u0142a Stalmacha w Ba\u017canowicach","url":"http:\/\/spbazanowice.com.pl\/","logo":{"@type":"ImageObject","inLanguage":"pl-PL","@id":"http:\/\/spbazanowice.com.pl\/#\/schema\/logo\/image\/","url":"http:\/\/spbazanowice.com.pl\/wp-content\/uploads\/2023\/03\/IMG-20211220-WA0000-1.jpg","contentUrl":"http:\/\/spbazanowice.com.pl\/wp-content\/uploads\/2023\/03\/IMG-20211220-WA0000-1.jpg","width":353,"height":396,"caption":"Szko\u0142a Podstawowa im. Paw\u0142a Stalmacha w Ba\u017canowicach"},"image":{"@id":"http:\/\/spbazanowice.com.pl\/#\/schema\/logo\/image\/"},"sameAs":["https:\/\/www.facebook.com\/people\/Szkoa-Podstawowa-im-Pawa-Stalmacha-w-Baanowicach\/100063560261577\/"]},{"@type":"Person","@id":"http:\/\/spbazanowice.com.pl\/#\/schema\/person\/33ef86d4a184dd9a737e21bfdcb04f7f","name":"Micha\u0142 D\u0105browski","image":{"@type":"ImageObject","inLanguage":"pl-PL","@id":"http:\/\/spbazanowice.com.pl\/#\/schema\/person\/image\/","url":"https:\/\/secure.gravatar.com\/avatar\/9ddb49673ee1f918288df843295001d4?s=96&d=mm&r=g","contentUrl":"https:\/\/secure.gravatar.com\/avatar\/9ddb49673ee1f918288df843295001d4?s=96&d=mm&r=g","caption":"Micha\u0142 D\u0105browski"},"url":"http:\/\/spbazanowice.com.pl\/?author=5"}]}},"_links":{"self":[{"href":"http:\/\/spbazanowice.com.pl\/index.php?rest_route=\/wp\/v2\/posts\/26978","targetHints":{"allow":["GET"]}}],"collection":[{"href":"http:\/\/spbazanowice.com.pl\/index.php?rest_route=\/wp\/v2\/posts"}],"about":[{"href":"http:\/\/spbazanowice.com.pl\/index.php?rest_route=\/wp\/v2\/types\/post"}],"author":[{"embeddable":true,"href":"http:\/\/spbazanowice.com.pl\/index.php?rest_route=\/wp\/v2\/users\/5"}],"replies":[{"embeddable":true,"href":"http:\/\/spbazanowice.com.pl\/index.php?rest_route=%2Fwp%2Fv2%2Fcomments&post=26978"}],"version-history":[{"count":1,"href":"http:\/\/spbazanowice.com.pl\/index.php?rest_route=\/wp\/v2\/posts\/26978\/revisions"}],"predecessor-version":[{"id":26980,"href":"http:\/\/spbazanowice.com.pl\/index.php?rest_route=\/wp\/v2\/posts\/26978\/revisions\/26980"}],"wp:featuredmedia":[{"embeddable":true,"href":"http:\/\/spbazanowice.com.pl\/index.php?rest_route=\/wp\/v2\/media\/26979"}],"wp:attachment":[{"href":"http:\/\/spbazanowice.com.pl\/index.php?rest_route=%2Fwp%2Fv2%2Fmedia&parent=26978"}],"wp:term":[{"taxonomy":"category","embeddable":true,"href":"http:\/\/spbazanowice.com.pl\/index.php?rest_route=%2Fwp%2Fv2%2Fcategories&post=26978"},{"taxonomy":"post_tag","embeddable":true,"href":"http:\/\/spbazanowice.com.pl\/index.php?rest_route=%2Fwp%2Fv2%2Ftags&post=26978"}],"curies":[{"name":"wp","href":"https:\/\/api.w.org\/{rel}","templated":true}]}}