{"id":25644,"date":"2025-11-05T20:49:35","date_gmt":"2025-11-05T19:49:35","guid":{"rendered":"http:\/\/spbazanowice.com.pl\/?p=25644"},"modified":"2025-11-05T20:49:36","modified_gmt":"2025-11-05T19:49:36","slug":"miedzynarodowy-dzien-postaci-z-bajek","status":"publish","type":"post","link":"http:\/\/spbazanowice.com.pl\/?p=25644","title":{"rendered":"Mi\u0119dzynarodowy Dzie\u0144 Postaci z Bajek"},"content":{"rendered":"\n<p>Dzi\u015b, 5 listopada 2025 roku, w naszej szkole kolorowe \u015bwi\u0119to. Szkolne korytarze zape\u0142ni\u0142y si\u0119 postaciami z ulubionych bajek naszych uczni\u00f3w. Zabawa po\u0142\u0105czona by\u0142a z czytaniem bajek na holu, wystaw\u0105 naszych bibliotecznych bajkowych pozycji, zabaw\u0105 do ulubionych piosenek z dzieci\u0119cych animacji. Uczniowie wybrali najpi\u0119kniejsze i najciekawsze przebrania.<br>Zwyci\u0119zcami zostali:<\/p>\n\n\n\n<p>Dziewczyny:<br>1. Laura Pala<br>2. Julia Chrapek<br>3. Melania Strzelec<\/p>\n\n\n\n<p>Ch\u0142opaki:<br>1. Grzegorz Jaworki<br>2. Marcin Bury<br>3. Tomasz Osi\u0144ski<\/p>\n\n\n\n<p>Towarzysz\u0105cy zabawie konkurs plastyczny ze wzgl\u0119du na ilo\u015b\u0107 prac rozstrzygni\u0119ty zostanie w przysz\u0142ym tygodniu.<br>Pi\u0119knie dzi\u0119kujemy wszystkim nauczycielom i Pani Dyrektor za pomoc i w\u0142\u0105czenie si\u0119 w organizacj\u0119 wydarzenia, a uczniom za wspania\u0142\u0105 zabaw\u0119.<\/p>\n\n\n\n<p>Koordynatorem akcji by\u0142a p. Katarzyna Karska.<\/p>\n\n\n\n<figure class=\"wp-block-gallery has-nested-images columns-1 is-cropped wp-block-gallery-1 is-layout-flex wp-block-gallery-is-layout-flex\">\n<figure class=\"wp-block-image size-large\"><img fetchpriority=\"high\" decoding=\"async\" width=\"1024\" height=\"576\" data-id=\"25649\" src=\"http:\/\/spbazanowice.com.pl\/wp-content\/uploads\/2025\/11\/2-5-1024x576.png\" alt=\"\" class=\"wp-image-25649\" srcset=\"http:\/\/spbazanowice.com.pl\/wp-content\/uploads\/2025\/11\/2-5-1024x576.png 1024w, http:\/\/spbazanowice.com.pl\/wp-content\/uploads\/2025\/11\/2-5-300x169.png 300w, http:\/\/spbazanowice.com.pl\/wp-content\/uploads\/2025\/11\/2-5-768x432.png 768w, http:\/\/spbazanowice.com.pl\/wp-content\/uploads\/2025\/11\/2-5-1536x864.png 1536w, http:\/\/spbazanowice.com.pl\/wp-content\/uploads\/2025\/11\/2-5.png 1920w\" sizes=\"(max-width: 1024px) 100vw, 1024px\" \/><\/figure>\n\n\n\n<figure class=\"wp-block-image size-large\"><img decoding=\"async\" width=\"1024\" height=\"576\" data-id=\"25648\" src=\"http:\/\/spbazanowice.com.pl\/wp-content\/uploads\/2025\/11\/3-3-1024x576.png\" alt=\"\" class=\"wp-image-25648\" srcset=\"http:\/\/spbazanowice.com.pl\/wp-content\/uploads\/2025\/11\/3-3-1024x576.png 1024w, http:\/\/spbazanowice.com.pl\/wp-content\/uploads\/2025\/11\/3-3-300x169.png 300w, http:\/\/spbazanowice.com.pl\/wp-content\/uploads\/2025\/11\/3-3-768x432.png 768w, http:\/\/spbazanowice.com.pl\/wp-content\/uploads\/2025\/11\/3-3-1536x864.png 1536w, http:\/\/spbazanowice.com.pl\/wp-content\/uploads\/2025\/11\/3-3.png 1920w\" sizes=\"(max-width: 1024px) 100vw, 1024px\" \/><\/figure>\n\n\n\n<figure class=\"wp-block-image size-large\"><img decoding=\"async\" width=\"1024\" height=\"576\" data-id=\"25646\" src=\"http:\/\/spbazanowice.com.pl\/wp-content\/uploads\/2025\/11\/4-3-1024x576.png\" alt=\"\" class=\"wp-image-25646\" srcset=\"http:\/\/spbazanowice.com.pl\/wp-content\/uploads\/2025\/11\/4-3-1024x576.png 1024w, http:\/\/spbazanowice.com.pl\/wp-content\/uploads\/2025\/11\/4-3-300x169.png 300w, http:\/\/spbazanowice.com.pl\/wp-content\/uploads\/2025\/11\/4-3-768x432.png 768w, http:\/\/spbazanowice.com.pl\/wp-content\/uploads\/2025\/11\/4-3-1536x864.png 1536w, http:\/\/spbazanowice.com.pl\/wp-content\/uploads\/2025\/11\/4-3.png 1920w\" sizes=\"(max-width: 1024px) 100vw, 1024px\" \/><\/figure>\n\n\n\n<figure class=\"wp-block-image size-large\"><img loading=\"lazy\" decoding=\"async\" width=\"1024\" height=\"576\" data-id=\"25647\" src=\"http:\/\/spbazanowice.com.pl\/wp-content\/uploads\/2025\/11\/5-1-1024x576.png\" alt=\"\" class=\"wp-image-25647\" srcset=\"http:\/\/spbazanowice.com.pl\/wp-content\/uploads\/2025\/11\/5-1-1024x576.png 1024w, http:\/\/spbazanowice.com.pl\/wp-content\/uploads\/2025\/11\/5-1-300x169.png 300w, http:\/\/spbazanowice.com.pl\/wp-content\/uploads\/2025\/11\/5-1-768x432.png 768w, http:\/\/spbazanowice.com.pl\/wp-content\/uploads\/2025\/11\/5-1-1536x864.png 1536w, http:\/\/spbazanowice.com.pl\/wp-content\/uploads\/2025\/11\/5-1.png 1920w\" sizes=\"(max-width: 1024px) 100vw, 1024px\" \/><\/figure>\n<\/figure>\n","protected":false},"excerpt":{"rendered":"<p>Dzi\u015b, 5 listopada 2025 roku, w naszej szkole kolorowe \u015bwi\u0119to. Szkolne korytarze zape\u0142ni\u0142y si\u0119 postaciami z ulubionych bajek naszych uczni\u00f3w. Zabawa po\u0142\u0105czona by\u0142a z czytaniem bajek na holu, wystaw\u0105 naszych bibliotecznych bajkowych pozycji, zabaw\u0105 do ulubionych piosenek z dzieci\u0119cych animacji. Uczniowie wybrali najpi\u0119kniejsze i najciekawsze przebrania.Zwyci\u0119zcami zostali: Dziewczyny:1. Laura Pala2. Julia Chrapek3. Melania Strzelec Ch\u0142opaki:1. [&hellip;]<\/p>\n","protected":false},"author":5,"featured_media":25645,"comment_status":"closed","ping_status":"open","sticky":false,"template":"","format":"standard","meta":{"footnotes":""},"categories":[9],"tags":[],"class_list":["post-25644","post","type-post","status-publish","format-standard","has-post-thumbnail","hentry","category-aktualnosci"],"yoast_head":"<!-- This site is optimized with the Yoast SEO plugin v24.7 - https:\/\/yoast.com\/wordpress\/plugins\/seo\/ -->\n<title>Mi\u0119dzynarodowy Dzie\u0144 Postaci z Bajek - Szko\u0142a Podstawowa im. Paw\u0142a Stalmacha w Ba\u017canowicach<\/title>\n<meta name=\"robots\" content=\"index, follow, max-snippet:-1, max-image-preview:large, max-video-preview:-1\" \/>\n<link rel=\"canonical\" href=\"http:\/\/spbazanowice.com.pl\/?p=25644\" \/>\n<meta property=\"og:locale\" content=\"pl_PL\" \/>\n<meta property=\"og:type\" content=\"article\" \/>\n<meta property=\"og:title\" content=\"Mi\u0119dzynarodowy Dzie\u0144 Postaci z Bajek - Szko\u0142a Podstawowa im. Paw\u0142a Stalmacha w Ba\u017canowicach\" \/>\n<meta property=\"og:description\" content=\"Dzi\u015b, 5 listopada 2025 roku, w naszej szkole kolorowe \u015bwi\u0119to. Szkolne korytarze zape\u0142ni\u0142y si\u0119 postaciami z ulubionych bajek naszych uczni\u00f3w. Zabawa po\u0142\u0105czona by\u0142a z czytaniem bajek na holu, wystaw\u0105 naszych bibliotecznych bajkowych pozycji, zabaw\u0105 do ulubionych piosenek z dzieci\u0119cych animacji. Uczniowie wybrali najpi\u0119kniejsze i najciekawsze przebrania.Zwyci\u0119zcami zostali: Dziewczyny:1. Laura Pala2. Julia Chrapek3. Melania Strzelec Ch\u0142opaki:1. [&hellip;]\" \/>\n<meta property=\"og:url\" content=\"http:\/\/spbazanowice.com.pl\/?p=25644\" \/>\n<meta property=\"og:site_name\" content=\"Szko\u0142a Podstawowa im. Paw\u0142a Stalmacha w Ba\u017canowicach\" \/>\n<meta property=\"article:publisher\" content=\"https:\/\/www.facebook.com\/people\/Szkoa-Podstawowa-im-Pawa-Stalmacha-w-Baanowicach\/100063560261577\/\" \/>\n<meta property=\"article:published_time\" content=\"2025-11-05T19:49:35+00:00\" \/>\n<meta property=\"article:modified_time\" content=\"2025-11-05T19:49:36+00:00\" \/>\n<meta property=\"og:image\" content=\"http:\/\/spbazanowice.com.pl\/wp-content\/uploads\/2025\/11\/1-5.png\" \/>\n\t<meta property=\"og:image:width\" content=\"1920\" \/>\n\t<meta property=\"og:image:height\" content=\"1080\" \/>\n\t<meta property=\"og:image:type\" content=\"image\/png\" \/>\n<meta name=\"author\" content=\"Micha\u0142 D\u0105browski\" \/>\n<meta name=\"twitter:card\" content=\"summary_large_image\" \/>\n<meta name=\"twitter:label1\" content=\"Napisane przez\" \/>\n\t<meta name=\"twitter:data1\" content=\"\" \/>\n\t<meta name=\"twitter:label2\" content=\"Szacowany czas czytania\" \/>\n\t<meta name=\"twitter:data2\" content=\"2 minuty\" \/>\n<script type=\"application\/ld+json\" class=\"yoast-schema-graph\">{\"@context\":\"https:\/\/schema.org\",\"@graph\":[{\"@type\":\"Article\",\"@id\":\"http:\/\/spbazanowice.com.pl\/?p=25644#article\",\"isPartOf\":{\"@id\":\"http:\/\/spbazanowice.com.pl\/?p=25644\"},\"author\":{\"name\":\"Micha\u0142 D\u0105browski\",\"@id\":\"http:\/\/spbazanowice.com.pl\/#\/schema\/person\/33ef86d4a184dd9a737e21bfdcb04f7f\"},\"headline\":\"Mi\u0119dzynarodowy Dzie\u0144 Postaci z Bajek\",\"datePublished\":\"2025-11-05T19:49:35+00:00\",\"dateModified\":\"2025-11-05T19:49:36+00:00\",\"mainEntityOfPage\":{\"@id\":\"http:\/\/spbazanowice.com.pl\/?p=25644\"},\"wordCount\":125,\"publisher\":{\"@id\":\"http:\/\/spbazanowice.com.pl\/#organization\"},\"image\":{\"@id\":\"http:\/\/spbazanowice.com.pl\/?p=25644#primaryimage\"},\"thumbnailUrl\":\"http:\/\/spbazanowice.com.pl\/wp-content\/uploads\/2025\/11\/1-5.png\",\"articleSection\":[\"Aktualno\u015bci\"],\"inLanguage\":\"pl-PL\"},{\"@type\":\"WebPage\",\"@id\":\"http:\/\/spbazanowice.com.pl\/?p=25644\",\"url\":\"http:\/\/spbazanowice.com.pl\/?p=25644\",\"name\":\"Mi\u0119dzynarodowy Dzie\u0144 Postaci z Bajek - Szko\u0142a Podstawowa im. Paw\u0142a Stalmacha w Ba\u017canowicach\",\"isPartOf\":{\"@id\":\"http:\/\/spbazanowice.com.pl\/#website\"},\"primaryImageOfPage\":{\"@id\":\"http:\/\/spbazanowice.com.pl\/?p=25644#primaryimage\"},\"image\":{\"@id\":\"http:\/\/spbazanowice.com.pl\/?p=25644#primaryimage\"},\"thumbnailUrl\":\"http:\/\/spbazanowice.com.pl\/wp-content\/uploads\/2025\/11\/1-5.png\",\"datePublished\":\"2025-11-05T19:49:35+00:00\",\"dateModified\":\"2025-11-05T19:49:36+00:00\",\"breadcrumb\":{\"@id\":\"http:\/\/spbazanowice.com.pl\/?p=25644#breadcrumb\"},\"inLanguage\":\"pl-PL\",\"potentialAction\":[{\"@type\":\"ReadAction\",\"target\":[\"http:\/\/spbazanowice.com.pl\/?p=25644\"]}]},{\"@type\":\"ImageObject\",\"inLanguage\":\"pl-PL\",\"@id\":\"http:\/\/spbazanowice.com.pl\/?p=25644#primaryimage\",\"url\":\"http:\/\/spbazanowice.com.pl\/wp-content\/uploads\/2025\/11\/1-5.png\",\"contentUrl\":\"http:\/\/spbazanowice.com.pl\/wp-content\/uploads\/2025\/11\/1-5.png\",\"width\":1920,\"height\":1080},{\"@type\":\"BreadcrumbList\",\"@id\":\"http:\/\/spbazanowice.com.pl\/?p=25644#breadcrumb\",\"itemListElement\":[{\"@type\":\"ListItem\",\"position\":1,\"name\":\"Strona g\u0142\u00f3wna\",\"item\":\"http:\/\/spbazanowice.com.pl\/\"},{\"@type\":\"ListItem\",\"position\":2,\"name\":\"Mi\u0119dzynarodowy Dzie\u0144 Postaci z Bajek\"}]},{\"@type\":\"WebSite\",\"@id\":\"http:\/\/spbazanowice.com.pl\/#website\",\"url\":\"http:\/\/spbazanowice.com.pl\/\",\"name\":\"Szko\u0142a Podstawowa im. Paw\u0142a Stalmacha w Ba\u017canowicach\",\"description\":\"\",\"publisher\":{\"@id\":\"http:\/\/spbazanowice.com.pl\/#organization\"},\"potentialAction\":[{\"@type\":\"SearchAction\",\"target\":{\"@type\":\"EntryPoint\",\"urlTemplate\":\"http:\/\/spbazanowice.com.pl\/?s={search_term_string}\"},\"query-input\":{\"@type\":\"PropertyValueSpecification\",\"valueRequired\":true,\"valueName\":\"search_term_string\"}}],\"inLanguage\":\"pl-PL\"},{\"@type\":\"Organization\",\"@id\":\"http:\/\/spbazanowice.com.pl\/#organization\",\"name\":\"Szko\u0142a Podstawowa im. Paw\u0142a Stalmacha w Ba\u017canowicach\",\"url\":\"http:\/\/spbazanowice.com.pl\/\",\"logo\":{\"@type\":\"ImageObject\",\"inLanguage\":\"pl-PL\",\"@id\":\"http:\/\/spbazanowice.com.pl\/#\/schema\/logo\/image\/\",\"url\":\"http:\/\/spbazanowice.com.pl\/wp-content\/uploads\/2023\/03\/IMG-20211220-WA0000-1.jpg\",\"contentUrl\":\"http:\/\/spbazanowice.com.pl\/wp-content\/uploads\/2023\/03\/IMG-20211220-WA0000-1.jpg\",\"width\":353,\"height\":396,\"caption\":\"Szko\u0142a Podstawowa im. Paw\u0142a Stalmacha w Ba\u017canowicach\"},\"image\":{\"@id\":\"http:\/\/spbazanowice.com.pl\/#\/schema\/logo\/image\/\"},\"sameAs\":[\"https:\/\/www.facebook.com\/people\/Szkoa-Podstawowa-im-Pawa-Stalmacha-w-Baanowicach\/100063560261577\/\"]},{\"@type\":\"Person\",\"@id\":\"http:\/\/spbazanowice.com.pl\/#\/schema\/person\/33ef86d4a184dd9a737e21bfdcb04f7f\",\"name\":\"Micha\u0142 D\u0105browski\",\"image\":{\"@type\":\"ImageObject\",\"inLanguage\":\"pl-PL\",\"@id\":\"http:\/\/spbazanowice.com.pl\/#\/schema\/person\/image\/\",\"url\":\"https:\/\/secure.gravatar.com\/avatar\/9ddb49673ee1f918288df843295001d4?s=96&d=mm&r=g\",\"contentUrl\":\"https:\/\/secure.gravatar.com\/avatar\/9ddb49673ee1f918288df843295001d4?s=96&d=mm&r=g\",\"caption\":\"Micha\u0142 D\u0105browski\"},\"url\":\"http:\/\/spbazanowice.com.pl\/?author=5\"}]}<\/script>\n<!-- \/ Yoast SEO plugin. -->","yoast_head_json":{"title":"Mi\u0119dzynarodowy Dzie\u0144 Postaci z Bajek - Szko\u0142a Podstawowa im. Paw\u0142a Stalmacha w Ba\u017canowicach","robots":{"index":"index","follow":"follow","max-snippet":"max-snippet:-1","max-image-preview":"max-image-preview:large","max-video-preview":"max-video-preview:-1"},"canonical":"http:\/\/spbazanowice.com.pl\/?p=25644","og_locale":"pl_PL","og_type":"article","og_title":"Mi\u0119dzynarodowy Dzie\u0144 Postaci z Bajek - Szko\u0142a Podstawowa im. Paw\u0142a Stalmacha w Ba\u017canowicach","og_description":"Dzi\u015b, 5 listopada 2025 roku, w naszej szkole kolorowe \u015bwi\u0119to. Szkolne korytarze zape\u0142ni\u0142y si\u0119 postaciami z ulubionych bajek naszych uczni\u00f3w. Zabawa po\u0142\u0105czona by\u0142a z czytaniem bajek na holu, wystaw\u0105 naszych bibliotecznych bajkowych pozycji, zabaw\u0105 do ulubionych piosenek z dzieci\u0119cych animacji. Uczniowie wybrali najpi\u0119kniejsze i najciekawsze przebrania.Zwyci\u0119zcami zostali: Dziewczyny:1. Laura Pala2. Julia Chrapek3. Melania Strzelec Ch\u0142opaki:1. [&hellip;]","og_url":"http:\/\/spbazanowice.com.pl\/?p=25644","og_site_name":"Szko\u0142a Podstawowa im. Paw\u0142a Stalmacha w Ba\u017canowicach","article_publisher":"https:\/\/www.facebook.com\/people\/Szkoa-Podstawowa-im-Pawa-Stalmacha-w-Baanowicach\/100063560261577\/","article_published_time":"2025-11-05T19:49:35+00:00","article_modified_time":"2025-11-05T19:49:36+00:00","og_image":[{"width":1920,"height":1080,"url":"http:\/\/spbazanowice.com.pl\/wp-content\/uploads\/2025\/11\/1-5.png","type":"image\/png"}],"author":"Micha\u0142 D\u0105browski","twitter_card":"summary_large_image","twitter_misc":{"Napisane przez":false,"Szacowany czas czytania":"2 minuty"},"schema":{"@context":"https:\/\/schema.org","@graph":[{"@type":"Article","@id":"http:\/\/spbazanowice.com.pl\/?p=25644#article","isPartOf":{"@id":"http:\/\/spbazanowice.com.pl\/?p=25644"},"author":{"name":"Micha\u0142 D\u0105browski","@id":"http:\/\/spbazanowice.com.pl\/#\/schema\/person\/33ef86d4a184dd9a737e21bfdcb04f7f"},"headline":"Mi\u0119dzynarodowy Dzie\u0144 Postaci z Bajek","datePublished":"2025-11-05T19:49:35+00:00","dateModified":"2025-11-05T19:49:36+00:00","mainEntityOfPage":{"@id":"http:\/\/spbazanowice.com.pl\/?p=25644"},"wordCount":125,"publisher":{"@id":"http:\/\/spbazanowice.com.pl\/#organization"},"image":{"@id":"http:\/\/spbazanowice.com.pl\/?p=25644#primaryimage"},"thumbnailUrl":"http:\/\/spbazanowice.com.pl\/wp-content\/uploads\/2025\/11\/1-5.png","articleSection":["Aktualno\u015bci"],"inLanguage":"pl-PL"},{"@type":"WebPage","@id":"http:\/\/spbazanowice.com.pl\/?p=25644","url":"http:\/\/spbazanowice.com.pl\/?p=25644","name":"Mi\u0119dzynarodowy Dzie\u0144 Postaci z Bajek - Szko\u0142a Podstawowa im. Paw\u0142a Stalmacha w Ba\u017canowicach","isPartOf":{"@id":"http:\/\/spbazanowice.com.pl\/#website"},"primaryImageOfPage":{"@id":"http:\/\/spbazanowice.com.pl\/?p=25644#primaryimage"},"image":{"@id":"http:\/\/spbazanowice.com.pl\/?p=25644#primaryimage"},"thumbnailUrl":"http:\/\/spbazanowice.com.pl\/wp-content\/uploads\/2025\/11\/1-5.png","datePublished":"2025-11-05T19:49:35+00:00","dateModified":"2025-11-05T19:49:36+00:00","breadcrumb":{"@id":"http:\/\/spbazanowice.com.pl\/?p=25644#breadcrumb"},"inLanguage":"pl-PL","potentialAction":[{"@type":"ReadAction","target":["http:\/\/spbazanowice.com.pl\/?p=25644"]}]},{"@type":"ImageObject","inLanguage":"pl-PL","@id":"http:\/\/spbazanowice.com.pl\/?p=25644#primaryimage","url":"http:\/\/spbazanowice.com.pl\/wp-content\/uploads\/2025\/11\/1-5.png","contentUrl":"http:\/\/spbazanowice.com.pl\/wp-content\/uploads\/2025\/11\/1-5.png","width":1920,"height":1080},{"@type":"BreadcrumbList","@id":"http:\/\/spbazanowice.com.pl\/?p=25644#breadcrumb","itemListElement":[{"@type":"ListItem","position":1,"name":"Strona g\u0142\u00f3wna","item":"http:\/\/spbazanowice.com.pl\/"},{"@type":"ListItem","position":2,"name":"Mi\u0119dzynarodowy Dzie\u0144 Postaci z Bajek"}]},{"@type":"WebSite","@id":"http:\/\/spbazanowice.com.pl\/#website","url":"http:\/\/spbazanowice.com.pl\/","name":"Szko\u0142a Podstawowa im. Paw\u0142a Stalmacha w Ba\u017canowicach","description":"","publisher":{"@id":"http:\/\/spbazanowice.com.pl\/#organization"},"potentialAction":[{"@type":"SearchAction","target":{"@type":"EntryPoint","urlTemplate":"http:\/\/spbazanowice.com.pl\/?s={search_term_string}"},"query-input":{"@type":"PropertyValueSpecification","valueRequired":true,"valueName":"search_term_string"}}],"inLanguage":"pl-PL"},{"@type":"Organization","@id":"http:\/\/spbazanowice.com.pl\/#organization","name":"Szko\u0142a Podstawowa im. Paw\u0142a Stalmacha w Ba\u017canowicach","url":"http:\/\/spbazanowice.com.pl\/","logo":{"@type":"ImageObject","inLanguage":"pl-PL","@id":"http:\/\/spbazanowice.com.pl\/#\/schema\/logo\/image\/","url":"http:\/\/spbazanowice.com.pl\/wp-content\/uploads\/2023\/03\/IMG-20211220-WA0000-1.jpg","contentUrl":"http:\/\/spbazanowice.com.pl\/wp-content\/uploads\/2023\/03\/IMG-20211220-WA0000-1.jpg","width":353,"height":396,"caption":"Szko\u0142a Podstawowa im. Paw\u0142a Stalmacha w Ba\u017canowicach"},"image":{"@id":"http:\/\/spbazanowice.com.pl\/#\/schema\/logo\/image\/"},"sameAs":["https:\/\/www.facebook.com\/people\/Szkoa-Podstawowa-im-Pawa-Stalmacha-w-Baanowicach\/100063560261577\/"]},{"@type":"Person","@id":"http:\/\/spbazanowice.com.pl\/#\/schema\/person\/33ef86d4a184dd9a737e21bfdcb04f7f","name":"Micha\u0142 D\u0105browski","image":{"@type":"ImageObject","inLanguage":"pl-PL","@id":"http:\/\/spbazanowice.com.pl\/#\/schema\/person\/image\/","url":"https:\/\/secure.gravatar.com\/avatar\/9ddb49673ee1f918288df843295001d4?s=96&d=mm&r=g","contentUrl":"https:\/\/secure.gravatar.com\/avatar\/9ddb49673ee1f918288df843295001d4?s=96&d=mm&r=g","caption":"Micha\u0142 D\u0105browski"},"url":"http:\/\/spbazanowice.com.pl\/?author=5"}]}},"_links":{"self":[{"href":"http:\/\/spbazanowice.com.pl\/index.php?rest_route=\/wp\/v2\/posts\/25644","targetHints":{"allow":["GET"]}}],"collection":[{"href":"http:\/\/spbazanowice.com.pl\/index.php?rest_route=\/wp\/v2\/posts"}],"about":[{"href":"http:\/\/spbazanowice.com.pl\/index.php?rest_route=\/wp\/v2\/types\/post"}],"author":[{"embeddable":true,"href":"http:\/\/spbazanowice.com.pl\/index.php?rest_route=\/wp\/v2\/users\/5"}],"replies":[{"embeddable":true,"href":"http:\/\/spbazanowice.com.pl\/index.php?rest_route=%2Fwp%2Fv2%2Fcomments&post=25644"}],"version-history":[{"count":1,"href":"http:\/\/spbazanowice.com.pl\/index.php?rest_route=\/wp\/v2\/posts\/25644\/revisions"}],"predecessor-version":[{"id":25650,"href":"http:\/\/spbazanowice.com.pl\/index.php?rest_route=\/wp\/v2\/posts\/25644\/revisions\/25650"}],"wp:featuredmedia":[{"embeddable":true,"href":"http:\/\/spbazanowice.com.pl\/index.php?rest_route=\/wp\/v2\/media\/25645"}],"wp:attachment":[{"href":"http:\/\/spbazanowice.com.pl\/index.php?rest_route=%2Fwp%2Fv2%2Fmedia&parent=25644"}],"wp:term":[{"taxonomy":"category","embeddable":true,"href":"http:\/\/spbazanowice.com.pl\/index.php?rest_route=%2Fwp%2Fv2%2Fcategories&post=25644"},{"taxonomy":"post_tag","embeddable":true,"href":"http:\/\/spbazanowice.com.pl\/index.php?rest_route=%2Fwp%2Fv2%2Ftags&post=25644"}],"curies":[{"name":"wp","href":"https:\/\/api.w.org\/{rel}","templated":true}]}}