{"id":25400,"date":"2025-10-16T21:13:54","date_gmt":"2025-10-16T19:13:54","guid":{"rendered":"http:\/\/spbazanowice.com.pl\/?p=25400"},"modified":"2025-10-16T21:13:55","modified_gmt":"2025-10-16T19:13:55","slug":"szkolne-obchody-dnia-edukacji-narodowej","status":"publish","type":"post","link":"http:\/\/spbazanowice.com.pl\/?p=25400","title":{"rendered":"Szkolne obchody Dnia Edukacji Narodowej"},"content":{"rendered":"\n<p>W Szkole Podstawowej im. Paw\u0142a Stalmacha odby\u0142a si\u0119 uroczysto\u015b\u0107 z okazji Dnia Edukacji Narodowej. Uczniowie przygotowali bogaty program artystyczny, na kt\u00f3ry z\u0142o\u017cy\u0142y si\u0119 wiersze, piosenki oraz uk\u0142ady taneczne. Nie zabrak\u0142o r\u00f3wnie\u017c ciep\u0142ych s\u0142\u00f3w i \u017cycze\u0144 skierowanych do nauczycieli i pracownik\u00f3w szko\u0142y, wyra\u017caj\u0105cych wdzi\u0119czno\u015b\u0107 za ich codzienny trud, po\u015bwi\u0119cenie i serce wk\u0142adane w wychowanie m\u0142odego pokolenia.<br>Podczas uroczysto\u015bci dyrektor szko\u0142y wr\u0119czy\u0142 nagrody nauczycielom, doceniaj\u0105c ich zaanga\u017cowanie, osi\u0105gni\u0119cia zawodowe oraz wk\u0142ad w rozw\u00f3j szko\u0142y.<br>Uroczysto\u015b\u0107 przebieg\u0142a w mi\u0142ej i podnios\u0142ej atmosferze, pe\u0142nej u\u015bmiechu, wzrusze\u0144 i wsp\u00f3lnego \u015bwi\u0119towania.<br>Dzi\u0119kujemy r\u00f3wnie\u017c Rodzicom za pami\u0119\u0107, \u017cyczenia oraz s\u0142odki pocz\u0119stunek, kt\u00f3ry umili\u0142 ten wyj\u0105tkowy dzie\u0144.<\/p>\n\n\n\n<figure class=\"wp-block-gallery has-nested-images columns-1 is-cropped wp-block-gallery-1 is-layout-flex wp-block-gallery-is-layout-flex\">\n<figure class=\"wp-block-image size-large\"><img fetchpriority=\"high\" decoding=\"async\" width=\"1024\" height=\"576\" data-id=\"25402\" src=\"http:\/\/spbazanowice.com.pl\/wp-content\/uploads\/2025\/10\/2-14-1024x576.png\" alt=\"\" class=\"wp-image-25402\" srcset=\"http:\/\/spbazanowice.com.pl\/wp-content\/uploads\/2025\/10\/2-14-1024x576.png 1024w, http:\/\/spbazanowice.com.pl\/wp-content\/uploads\/2025\/10\/2-14-300x169.png 300w, http:\/\/spbazanowice.com.pl\/wp-content\/uploads\/2025\/10\/2-14-768x432.png 768w, http:\/\/spbazanowice.com.pl\/wp-content\/uploads\/2025\/10\/2-14-1536x864.png 1536w, http:\/\/spbazanowice.com.pl\/wp-content\/uploads\/2025\/10\/2-14.png 1920w\" sizes=\"(max-width: 1024px) 100vw, 1024px\" \/><\/figure>\n\n\n\n<figure class=\"wp-block-image size-large\"><img decoding=\"async\" width=\"1024\" height=\"576\" data-id=\"25405\" src=\"http:\/\/spbazanowice.com.pl\/wp-content\/uploads\/2025\/10\/3-10-1024x576.png\" alt=\"\" class=\"wp-image-25405\" srcset=\"http:\/\/spbazanowice.com.pl\/wp-content\/uploads\/2025\/10\/3-10-1024x576.png 1024w, http:\/\/spbazanowice.com.pl\/wp-content\/uploads\/2025\/10\/3-10-300x169.png 300w, http:\/\/spbazanowice.com.pl\/wp-content\/uploads\/2025\/10\/3-10-768x432.png 768w, http:\/\/spbazanowice.com.pl\/wp-content\/uploads\/2025\/10\/3-10-1536x864.png 1536w, http:\/\/spbazanowice.com.pl\/wp-content\/uploads\/2025\/10\/3-10.png 1920w\" sizes=\"(max-width: 1024px) 100vw, 1024px\" \/><\/figure>\n\n\n\n<figure class=\"wp-block-image size-large\"><img decoding=\"async\" width=\"1024\" height=\"576\" data-id=\"25407\" src=\"http:\/\/spbazanowice.com.pl\/wp-content\/uploads\/2025\/10\/4-7-1024x576.png\" alt=\"\" class=\"wp-image-25407\" srcset=\"http:\/\/spbazanowice.com.pl\/wp-content\/uploads\/2025\/10\/4-7-1024x576.png 1024w, http:\/\/spbazanowice.com.pl\/wp-content\/uploads\/2025\/10\/4-7-300x169.png 300w, http:\/\/spbazanowice.com.pl\/wp-content\/uploads\/2025\/10\/4-7-768x432.png 768w, http:\/\/spbazanowice.com.pl\/wp-content\/uploads\/2025\/10\/4-7-1536x864.png 1536w, http:\/\/spbazanowice.com.pl\/wp-content\/uploads\/2025\/10\/4-7.png 1920w\" sizes=\"(max-width: 1024px) 100vw, 1024px\" \/><\/figure>\n\n\n\n<figure class=\"wp-block-image size-large\"><img loading=\"lazy\" decoding=\"async\" width=\"1024\" height=\"576\" data-id=\"25403\" src=\"http:\/\/spbazanowice.com.pl\/wp-content\/uploads\/2025\/10\/5-2-1024x576.png\" alt=\"\" class=\"wp-image-25403\" srcset=\"http:\/\/spbazanowice.com.pl\/wp-content\/uploads\/2025\/10\/5-2-1024x576.png 1024w, http:\/\/spbazanowice.com.pl\/wp-content\/uploads\/2025\/10\/5-2-300x169.png 300w, http:\/\/spbazanowice.com.pl\/wp-content\/uploads\/2025\/10\/5-2-768x432.png 768w, http:\/\/spbazanowice.com.pl\/wp-content\/uploads\/2025\/10\/5-2-1536x864.png 1536w, http:\/\/spbazanowice.com.pl\/wp-content\/uploads\/2025\/10\/5-2.png 1920w\" sizes=\"(max-width: 1024px) 100vw, 1024px\" \/><\/figure>\n\n\n\n<figure class=\"wp-block-image size-large\"><img loading=\"lazy\" decoding=\"async\" width=\"1024\" height=\"576\" data-id=\"25404\" src=\"http:\/\/spbazanowice.com.pl\/wp-content\/uploads\/2025\/10\/6-2-1024x576.png\" alt=\"\" class=\"wp-image-25404\" srcset=\"http:\/\/spbazanowice.com.pl\/wp-content\/uploads\/2025\/10\/6-2-1024x576.png 1024w, http:\/\/spbazanowice.com.pl\/wp-content\/uploads\/2025\/10\/6-2-300x169.png 300w, http:\/\/spbazanowice.com.pl\/wp-content\/uploads\/2025\/10\/6-2-768x432.png 768w, http:\/\/spbazanowice.com.pl\/wp-content\/uploads\/2025\/10\/6-2-1536x864.png 1536w, http:\/\/spbazanowice.com.pl\/wp-content\/uploads\/2025\/10\/6-2.png 1920w\" sizes=\"(max-width: 1024px) 100vw, 1024px\" \/><\/figure>\n\n\n\n<figure class=\"wp-block-image size-large\"><img loading=\"lazy\" decoding=\"async\" width=\"1024\" height=\"576\" data-id=\"25406\" src=\"http:\/\/spbazanowice.com.pl\/wp-content\/uploads\/2025\/10\/7-2-1024x576.png\" alt=\"\" class=\"wp-image-25406\" srcset=\"http:\/\/spbazanowice.com.pl\/wp-content\/uploads\/2025\/10\/7-2-1024x576.png 1024w, http:\/\/spbazanowice.com.pl\/wp-content\/uploads\/2025\/10\/7-2-300x169.png 300w, http:\/\/spbazanowice.com.pl\/wp-content\/uploads\/2025\/10\/7-2-768x432.png 768w, http:\/\/spbazanowice.com.pl\/wp-content\/uploads\/2025\/10\/7-2-1536x864.png 1536w, http:\/\/spbazanowice.com.pl\/wp-content\/uploads\/2025\/10\/7-2.png 1920w\" sizes=\"(max-width: 1024px) 100vw, 1024px\" \/><\/figure>\n\n\n\n<figure class=\"wp-block-image size-large\"><img loading=\"lazy\" decoding=\"async\" width=\"1024\" height=\"576\" data-id=\"25408\" src=\"http:\/\/spbazanowice.com.pl\/wp-content\/uploads\/2025\/10\/8-2-1024x576.png\" alt=\"\" class=\"wp-image-25408\" srcset=\"http:\/\/spbazanowice.com.pl\/wp-content\/uploads\/2025\/10\/8-2-1024x576.png 1024w, http:\/\/spbazanowice.com.pl\/wp-content\/uploads\/2025\/10\/8-2-300x169.png 300w, http:\/\/spbazanowice.com.pl\/wp-content\/uploads\/2025\/10\/8-2-768x432.png 768w, http:\/\/spbazanowice.com.pl\/wp-content\/uploads\/2025\/10\/8-2-1536x864.png 1536w, http:\/\/spbazanowice.com.pl\/wp-content\/uploads\/2025\/10\/8-2.png 1920w\" sizes=\"(max-width: 1024px) 100vw, 1024px\" \/><\/figure>\n<\/figure>\n\n\n\n<figure class=\"wp-block-video\"><video controls src=\"http:\/\/spbazanowice.com.pl\/wp-content\/uploads\/2025\/10\/1.mp4\"><\/video><\/figure>\n\n\n\n<figure class=\"wp-block-video\"><video controls src=\"http:\/\/spbazanowice.com.pl\/wp-content\/uploads\/2025\/10\/3.mp4\"><\/video><\/figure>\n\n\n\n<figure class=\"wp-block-video\"><video controls src=\"http:\/\/spbazanowice.com.pl\/wp-content\/uploads\/2025\/10\/5.mp4\"><\/video><\/figure>\n\n\n\n<figure class=\"wp-block-video\"><video controls src=\"http:\/\/spbazanowice.com.pl\/wp-content\/uploads\/2025\/10\/6.mp4\"><\/video><\/figure>\n\n\n\n<figure class=\"wp-block-video\"><video controls src=\"http:\/\/spbazanowice.com.pl\/wp-content\/uploads\/2025\/10\/7.mp4\"><\/video><\/figure>\n","protected":false},"excerpt":{"rendered":"<p>W Szkole Podstawowej im. Paw\u0142a Stalmacha odby\u0142a si\u0119 uroczysto\u015b\u0107 z okazji Dnia Edukacji Narodowej. Uczniowie przygotowali bogaty program artystyczny, na kt\u00f3ry z\u0142o\u017cy\u0142y si\u0119 wiersze, piosenki oraz uk\u0142ady taneczne. Nie zabrak\u0142o r\u00f3wnie\u017c ciep\u0142ych s\u0142\u00f3w i \u017cycze\u0144 skierowanych do nauczycieli i pracownik\u00f3w szko\u0142y, wyra\u017caj\u0105cych wdzi\u0119czno\u015b\u0107 za ich codzienny trud, po\u015bwi\u0119cenie i serce wk\u0142adane w wychowanie m\u0142odego pokolenia.Podczas [&hellip;]<\/p>\n","protected":false},"author":5,"featured_media":25401,"comment_status":"closed","ping_status":"open","sticky":false,"template":"","format":"standard","meta":{"footnotes":""},"categories":[9],"tags":[],"class_list":["post-25400","post","type-post","status-publish","format-standard","has-post-thumbnail","hentry","category-aktualnosci"],"yoast_head":"<!-- This site is optimized with the Yoast SEO plugin v24.7 - https:\/\/yoast.com\/wordpress\/plugins\/seo\/ -->\n<title>Szkolne obchody Dnia Edukacji Narodowej - Szko\u0142a Podstawowa im. Paw\u0142a Stalmacha w Ba\u017canowicach<\/title>\n<meta name=\"robots\" content=\"index, follow, max-snippet:-1, max-image-preview:large, max-video-preview:-1\" \/>\n<link rel=\"canonical\" href=\"http:\/\/spbazanowice.com.pl\/?p=25400\" \/>\n<meta property=\"og:locale\" content=\"pl_PL\" \/>\n<meta property=\"og:type\" content=\"article\" \/>\n<meta property=\"og:title\" content=\"Szkolne obchody Dnia Edukacji Narodowej - Szko\u0142a Podstawowa im. Paw\u0142a Stalmacha w Ba\u017canowicach\" \/>\n<meta property=\"og:description\" content=\"W Szkole Podstawowej im. Paw\u0142a Stalmacha odby\u0142a si\u0119 uroczysto\u015b\u0107 z okazji Dnia Edukacji Narodowej. Uczniowie przygotowali bogaty program artystyczny, na kt\u00f3ry z\u0142o\u017cy\u0142y si\u0119 wiersze, piosenki oraz uk\u0142ady taneczne. Nie zabrak\u0142o r\u00f3wnie\u017c ciep\u0142ych s\u0142\u00f3w i \u017cycze\u0144 skierowanych do nauczycieli i pracownik\u00f3w szko\u0142y, wyra\u017caj\u0105cych wdzi\u0119czno\u015b\u0107 za ich codzienny trud, po\u015bwi\u0119cenie i serce wk\u0142adane w wychowanie m\u0142odego pokolenia.Podczas [&hellip;]\" \/>\n<meta property=\"og:url\" content=\"http:\/\/spbazanowice.com.pl\/?p=25400\" \/>\n<meta property=\"og:site_name\" content=\"Szko\u0142a Podstawowa im. Paw\u0142a Stalmacha w Ba\u017canowicach\" \/>\n<meta property=\"article:publisher\" content=\"https:\/\/www.facebook.com\/people\/Szkoa-Podstawowa-im-Pawa-Stalmacha-w-Baanowicach\/100063560261577\/\" \/>\n<meta property=\"article:published_time\" content=\"2025-10-16T19:13:54+00:00\" \/>\n<meta property=\"article:modified_time\" content=\"2025-10-16T19:13:55+00:00\" \/>\n<meta property=\"og:image\" content=\"http:\/\/spbazanowice.com.pl\/wp-content\/uploads\/2025\/10\/1-11-1024x576.png\" \/>\n\t<meta property=\"og:image:width\" content=\"1024\" \/>\n\t<meta property=\"og:image:height\" content=\"576\" \/>\n\t<meta property=\"og:image:type\" content=\"image\/png\" \/>\n<meta name=\"author\" content=\"Micha\u0142 D\u0105browski\" \/>\n<meta name=\"twitter:card\" content=\"summary_large_image\" \/>\n<meta name=\"twitter:label1\" content=\"Napisane przez\" \/>\n\t<meta name=\"twitter:data1\" content=\"\" \/>\n\t<meta name=\"twitter:label2\" content=\"Szacowany czas czytania\" \/>\n\t<meta name=\"twitter:data2\" content=\"3 minuty\" \/>\n<script type=\"application\/ld+json\" class=\"yoast-schema-graph\">{\"@context\":\"https:\/\/schema.org\",\"@graph\":[{\"@type\":\"Article\",\"@id\":\"http:\/\/spbazanowice.com.pl\/?p=25400#article\",\"isPartOf\":{\"@id\":\"http:\/\/spbazanowice.com.pl\/?p=25400\"},\"author\":{\"name\":\"Micha\u0142 D\u0105browski\",\"@id\":\"http:\/\/spbazanowice.com.pl\/#\/schema\/person\/33ef86d4a184dd9a737e21bfdcb04f7f\"},\"headline\":\"Szkolne obchody Dnia Edukacji Narodowej\",\"datePublished\":\"2025-10-16T19:13:54+00:00\",\"dateModified\":\"2025-10-16T19:13:55+00:00\",\"mainEntityOfPage\":{\"@id\":\"http:\/\/spbazanowice.com.pl\/?p=25400\"},\"wordCount\":147,\"publisher\":{\"@id\":\"http:\/\/spbazanowice.com.pl\/#organization\"},\"image\":{\"@id\":\"http:\/\/spbazanowice.com.pl\/?p=25400#primaryimage\"},\"thumbnailUrl\":\"http:\/\/spbazanowice.com.pl\/wp-content\/uploads\/2025\/10\/1-11.png\",\"articleSection\":[\"Aktualno\u015bci\"],\"inLanguage\":\"pl-PL\"},{\"@type\":\"WebPage\",\"@id\":\"http:\/\/spbazanowice.com.pl\/?p=25400\",\"url\":\"http:\/\/spbazanowice.com.pl\/?p=25400\",\"name\":\"Szkolne obchody Dnia Edukacji Narodowej - Szko\u0142a Podstawowa im. Paw\u0142a Stalmacha w Ba\u017canowicach\",\"isPartOf\":{\"@id\":\"http:\/\/spbazanowice.com.pl\/#website\"},\"primaryImageOfPage\":{\"@id\":\"http:\/\/spbazanowice.com.pl\/?p=25400#primaryimage\"},\"image\":{\"@id\":\"http:\/\/spbazanowice.com.pl\/?p=25400#primaryimage\"},\"thumbnailUrl\":\"http:\/\/spbazanowice.com.pl\/wp-content\/uploads\/2025\/10\/1-11.png\",\"datePublished\":\"2025-10-16T19:13:54+00:00\",\"dateModified\":\"2025-10-16T19:13:55+00:00\",\"breadcrumb\":{\"@id\":\"http:\/\/spbazanowice.com.pl\/?p=25400#breadcrumb\"},\"inLanguage\":\"pl-PL\",\"potentialAction\":[{\"@type\":\"ReadAction\",\"target\":[\"http:\/\/spbazanowice.com.pl\/?p=25400\"]}]},{\"@type\":\"ImageObject\",\"inLanguage\":\"pl-PL\",\"@id\":\"http:\/\/spbazanowice.com.pl\/?p=25400#primaryimage\",\"url\":\"http:\/\/spbazanowice.com.pl\/wp-content\/uploads\/2025\/10\/1-11.png\",\"contentUrl\":\"http:\/\/spbazanowice.com.pl\/wp-content\/uploads\/2025\/10\/1-11.png\",\"width\":1920,\"height\":1080},{\"@type\":\"BreadcrumbList\",\"@id\":\"http:\/\/spbazanowice.com.pl\/?p=25400#breadcrumb\",\"itemListElement\":[{\"@type\":\"ListItem\",\"position\":1,\"name\":\"Strona g\u0142\u00f3wna\",\"item\":\"http:\/\/spbazanowice.com.pl\/\"},{\"@type\":\"ListItem\",\"position\":2,\"name\":\"Szkolne obchody Dnia Edukacji Narodowej\"}]},{\"@type\":\"WebSite\",\"@id\":\"http:\/\/spbazanowice.com.pl\/#website\",\"url\":\"http:\/\/spbazanowice.com.pl\/\",\"name\":\"Szko\u0142a Podstawowa im. Paw\u0142a Stalmacha w Ba\u017canowicach\",\"description\":\"\",\"publisher\":{\"@id\":\"http:\/\/spbazanowice.com.pl\/#organization\"},\"potentialAction\":[{\"@type\":\"SearchAction\",\"target\":{\"@type\":\"EntryPoint\",\"urlTemplate\":\"http:\/\/spbazanowice.com.pl\/?s={search_term_string}\"},\"query-input\":{\"@type\":\"PropertyValueSpecification\",\"valueRequired\":true,\"valueName\":\"search_term_string\"}}],\"inLanguage\":\"pl-PL\"},{\"@type\":\"Organization\",\"@id\":\"http:\/\/spbazanowice.com.pl\/#organization\",\"name\":\"Szko\u0142a Podstawowa im. Paw\u0142a Stalmacha w Ba\u017canowicach\",\"url\":\"http:\/\/spbazanowice.com.pl\/\",\"logo\":{\"@type\":\"ImageObject\",\"inLanguage\":\"pl-PL\",\"@id\":\"http:\/\/spbazanowice.com.pl\/#\/schema\/logo\/image\/\",\"url\":\"http:\/\/spbazanowice.com.pl\/wp-content\/uploads\/2023\/03\/IMG-20211220-WA0000-1.jpg\",\"contentUrl\":\"http:\/\/spbazanowice.com.pl\/wp-content\/uploads\/2023\/03\/IMG-20211220-WA0000-1.jpg\",\"width\":353,\"height\":396,\"caption\":\"Szko\u0142a Podstawowa im. Paw\u0142a Stalmacha w Ba\u017canowicach\"},\"image\":{\"@id\":\"http:\/\/spbazanowice.com.pl\/#\/schema\/logo\/image\/\"},\"sameAs\":[\"https:\/\/www.facebook.com\/people\/Szkoa-Podstawowa-im-Pawa-Stalmacha-w-Baanowicach\/100063560261577\/\"]},{\"@type\":\"Person\",\"@id\":\"http:\/\/spbazanowice.com.pl\/#\/schema\/person\/33ef86d4a184dd9a737e21bfdcb04f7f\",\"name\":\"Micha\u0142 D\u0105browski\",\"image\":{\"@type\":\"ImageObject\",\"inLanguage\":\"pl-PL\",\"@id\":\"http:\/\/spbazanowice.com.pl\/#\/schema\/person\/image\/\",\"url\":\"https:\/\/secure.gravatar.com\/avatar\/9ddb49673ee1f918288df843295001d4?s=96&d=mm&r=g\",\"contentUrl\":\"https:\/\/secure.gravatar.com\/avatar\/9ddb49673ee1f918288df843295001d4?s=96&d=mm&r=g\",\"caption\":\"Micha\u0142 D\u0105browski\"},\"url\":\"http:\/\/spbazanowice.com.pl\/?author=5\"}]}<\/script>\n<!-- \/ Yoast SEO plugin. -->","yoast_head_json":{"title":"Szkolne obchody Dnia Edukacji Narodowej - Szko\u0142a Podstawowa im. Paw\u0142a Stalmacha w Ba\u017canowicach","robots":{"index":"index","follow":"follow","max-snippet":"max-snippet:-1","max-image-preview":"max-image-preview:large","max-video-preview":"max-video-preview:-1"},"canonical":"http:\/\/spbazanowice.com.pl\/?p=25400","og_locale":"pl_PL","og_type":"article","og_title":"Szkolne obchody Dnia Edukacji Narodowej - Szko\u0142a Podstawowa im. Paw\u0142a Stalmacha w Ba\u017canowicach","og_description":"W Szkole Podstawowej im. Paw\u0142a Stalmacha odby\u0142a si\u0119 uroczysto\u015b\u0107 z okazji Dnia Edukacji Narodowej. Uczniowie przygotowali bogaty program artystyczny, na kt\u00f3ry z\u0142o\u017cy\u0142y si\u0119 wiersze, piosenki oraz uk\u0142ady taneczne. Nie zabrak\u0142o r\u00f3wnie\u017c ciep\u0142ych s\u0142\u00f3w i \u017cycze\u0144 skierowanych do nauczycieli i pracownik\u00f3w szko\u0142y, wyra\u017caj\u0105cych wdzi\u0119czno\u015b\u0107 za ich codzienny trud, po\u015bwi\u0119cenie i serce wk\u0142adane w wychowanie m\u0142odego pokolenia.Podczas [&hellip;]","og_url":"http:\/\/spbazanowice.com.pl\/?p=25400","og_site_name":"Szko\u0142a Podstawowa im. Paw\u0142a Stalmacha w Ba\u017canowicach","article_publisher":"https:\/\/www.facebook.com\/people\/Szkoa-Podstawowa-im-Pawa-Stalmacha-w-Baanowicach\/100063560261577\/","article_published_time":"2025-10-16T19:13:54+00:00","article_modified_time":"2025-10-16T19:13:55+00:00","og_image":[{"width":1024,"height":576,"url":"http:\/\/spbazanowice.com.pl\/wp-content\/uploads\/2025\/10\/1-11-1024x576.png","type":"image\/png"}],"author":"Micha\u0142 D\u0105browski","twitter_card":"summary_large_image","twitter_misc":{"Napisane przez":false,"Szacowany czas czytania":"3 minuty"},"schema":{"@context":"https:\/\/schema.org","@graph":[{"@type":"Article","@id":"http:\/\/spbazanowice.com.pl\/?p=25400#article","isPartOf":{"@id":"http:\/\/spbazanowice.com.pl\/?p=25400"},"author":{"name":"Micha\u0142 D\u0105browski","@id":"http:\/\/spbazanowice.com.pl\/#\/schema\/person\/33ef86d4a184dd9a737e21bfdcb04f7f"},"headline":"Szkolne obchody Dnia Edukacji Narodowej","datePublished":"2025-10-16T19:13:54+00:00","dateModified":"2025-10-16T19:13:55+00:00","mainEntityOfPage":{"@id":"http:\/\/spbazanowice.com.pl\/?p=25400"},"wordCount":147,"publisher":{"@id":"http:\/\/spbazanowice.com.pl\/#organization"},"image":{"@id":"http:\/\/spbazanowice.com.pl\/?p=25400#primaryimage"},"thumbnailUrl":"http:\/\/spbazanowice.com.pl\/wp-content\/uploads\/2025\/10\/1-11.png","articleSection":["Aktualno\u015bci"],"inLanguage":"pl-PL"},{"@type":"WebPage","@id":"http:\/\/spbazanowice.com.pl\/?p=25400","url":"http:\/\/spbazanowice.com.pl\/?p=25400","name":"Szkolne obchody Dnia Edukacji Narodowej - Szko\u0142a Podstawowa im. Paw\u0142a Stalmacha w Ba\u017canowicach","isPartOf":{"@id":"http:\/\/spbazanowice.com.pl\/#website"},"primaryImageOfPage":{"@id":"http:\/\/spbazanowice.com.pl\/?p=25400#primaryimage"},"image":{"@id":"http:\/\/spbazanowice.com.pl\/?p=25400#primaryimage"},"thumbnailUrl":"http:\/\/spbazanowice.com.pl\/wp-content\/uploads\/2025\/10\/1-11.png","datePublished":"2025-10-16T19:13:54+00:00","dateModified":"2025-10-16T19:13:55+00:00","breadcrumb":{"@id":"http:\/\/spbazanowice.com.pl\/?p=25400#breadcrumb"},"inLanguage":"pl-PL","potentialAction":[{"@type":"ReadAction","target":["http:\/\/spbazanowice.com.pl\/?p=25400"]}]},{"@type":"ImageObject","inLanguage":"pl-PL","@id":"http:\/\/spbazanowice.com.pl\/?p=25400#primaryimage","url":"http:\/\/spbazanowice.com.pl\/wp-content\/uploads\/2025\/10\/1-11.png","contentUrl":"http:\/\/spbazanowice.com.pl\/wp-content\/uploads\/2025\/10\/1-11.png","width":1920,"height":1080},{"@type":"BreadcrumbList","@id":"http:\/\/spbazanowice.com.pl\/?p=25400#breadcrumb","itemListElement":[{"@type":"ListItem","position":1,"name":"Strona g\u0142\u00f3wna","item":"http:\/\/spbazanowice.com.pl\/"},{"@type":"ListItem","position":2,"name":"Szkolne obchody Dnia Edukacji Narodowej"}]},{"@type":"WebSite","@id":"http:\/\/spbazanowice.com.pl\/#website","url":"http:\/\/spbazanowice.com.pl\/","name":"Szko\u0142a Podstawowa im. Paw\u0142a Stalmacha w Ba\u017canowicach","description":"","publisher":{"@id":"http:\/\/spbazanowice.com.pl\/#organization"},"potentialAction":[{"@type":"SearchAction","target":{"@type":"EntryPoint","urlTemplate":"http:\/\/spbazanowice.com.pl\/?s={search_term_string}"},"query-input":{"@type":"PropertyValueSpecification","valueRequired":true,"valueName":"search_term_string"}}],"inLanguage":"pl-PL"},{"@type":"Organization","@id":"http:\/\/spbazanowice.com.pl\/#organization","name":"Szko\u0142a Podstawowa im. Paw\u0142a Stalmacha w Ba\u017canowicach","url":"http:\/\/spbazanowice.com.pl\/","logo":{"@type":"ImageObject","inLanguage":"pl-PL","@id":"http:\/\/spbazanowice.com.pl\/#\/schema\/logo\/image\/","url":"http:\/\/spbazanowice.com.pl\/wp-content\/uploads\/2023\/03\/IMG-20211220-WA0000-1.jpg","contentUrl":"http:\/\/spbazanowice.com.pl\/wp-content\/uploads\/2023\/03\/IMG-20211220-WA0000-1.jpg","width":353,"height":396,"caption":"Szko\u0142a Podstawowa im. Paw\u0142a Stalmacha w Ba\u017canowicach"},"image":{"@id":"http:\/\/spbazanowice.com.pl\/#\/schema\/logo\/image\/"},"sameAs":["https:\/\/www.facebook.com\/people\/Szkoa-Podstawowa-im-Pawa-Stalmacha-w-Baanowicach\/100063560261577\/"]},{"@type":"Person","@id":"http:\/\/spbazanowice.com.pl\/#\/schema\/person\/33ef86d4a184dd9a737e21bfdcb04f7f","name":"Micha\u0142 D\u0105browski","image":{"@type":"ImageObject","inLanguage":"pl-PL","@id":"http:\/\/spbazanowice.com.pl\/#\/schema\/person\/image\/","url":"https:\/\/secure.gravatar.com\/avatar\/9ddb49673ee1f918288df843295001d4?s=96&d=mm&r=g","contentUrl":"https:\/\/secure.gravatar.com\/avatar\/9ddb49673ee1f918288df843295001d4?s=96&d=mm&r=g","caption":"Micha\u0142 D\u0105browski"},"url":"http:\/\/spbazanowice.com.pl\/?author=5"}]}},"_links":{"self":[{"href":"http:\/\/spbazanowice.com.pl\/index.php?rest_route=\/wp\/v2\/posts\/25400","targetHints":{"allow":["GET"]}}],"collection":[{"href":"http:\/\/spbazanowice.com.pl\/index.php?rest_route=\/wp\/v2\/posts"}],"about":[{"href":"http:\/\/spbazanowice.com.pl\/index.php?rest_route=\/wp\/v2\/types\/post"}],"author":[{"embeddable":true,"href":"http:\/\/spbazanowice.com.pl\/index.php?rest_route=\/wp\/v2\/users\/5"}],"replies":[{"embeddable":true,"href":"http:\/\/spbazanowice.com.pl\/index.php?rest_route=%2Fwp%2Fv2%2Fcomments&post=25400"}],"version-history":[{"count":1,"href":"http:\/\/spbazanowice.com.pl\/index.php?rest_route=\/wp\/v2\/posts\/25400\/revisions"}],"predecessor-version":[{"id":25414,"href":"http:\/\/spbazanowice.com.pl\/index.php?rest_route=\/wp\/v2\/posts\/25400\/revisions\/25414"}],"wp:featuredmedia":[{"embeddable":true,"href":"http:\/\/spbazanowice.com.pl\/index.php?rest_route=\/wp\/v2\/media\/25401"}],"wp:attachment":[{"href":"http:\/\/spbazanowice.com.pl\/index.php?rest_route=%2Fwp%2Fv2%2Fmedia&parent=25400"}],"wp:term":[{"taxonomy":"category","embeddable":true,"href":"http:\/\/spbazanowice.com.pl\/index.php?rest_route=%2Fwp%2Fv2%2Fcategories&post=25400"},{"taxonomy":"post_tag","embeddable":true,"href":"http:\/\/spbazanowice.com.pl\/index.php?rest_route=%2Fwp%2Fv2%2Ftags&post=25400"}],"curies":[{"name":"wp","href":"https:\/\/api.w.org\/{rel}","templated":true}]}}