{"id":25355,"date":"2025-10-14T21:13:15","date_gmt":"2025-10-14T19:13:15","guid":{"rendered":"http:\/\/spbazanowice.com.pl\/?p=25355"},"modified":"2025-11-09T18:11:33","modified_gmt":"2025-11-09T17:11:33","slug":"iii-gala-oswiatowa-gminy-goleszowgdgf","status":"publish","type":"post","link":"http:\/\/spbazanowice.com.pl\/?p=25355","title":{"rendered":"III Gala O\u015bwiatowa Gminy Golesz\u00f3w"},"content":{"rendered":"\n<p>Dnia 13 pa\u017adziernika br. odby\u0142a si\u0119 III Gala O\u015bwiatowa Gminy Golesz\u00f3w, podczas kt\u00f3rej uhonorowano uczni\u00f3w, nauczycieli i dyrektor\u00f3w za szczeg\u00f3lne osi\u0105gni\u0119cia w pracy i nauce w roku szkolnym 2024\/2025.<\/p>\n\n\n\n<p>Podczas uroczysto\u015bci Pani W\u00f3jt Sylwia Cie\u015blar wr\u0119czy\u0142a stypendia za wysokie wyniki w nauce oraz Nagrody W\u00f3jta Gminy Golesz\u00f3w.<\/p>\n\n\n\n<p>Z rado\u015bci\u0105 informujemy, \u017ce w\u015br\u00f3d wyr\u00f3\u017cnionych znalaz\u0142o si\u0119 a\u017c 18 uczni\u00f3w Szko\u0142y Podstawowej im. Paw\u0142a Stalmacha w Ba\u017canowicach, kt\u00f3rzy dzi\u0119ki swojej pracowito\u015bci, ambicji i zaanga\u017cowaniu osi\u0105gn\u0119li znakomite wyniki w nauce. Ponadto Tomasz Osi\u0144ski otrzyma\u0142 otrzyma\u0142 r\u00f3wnie\u017c stypendium za osi\u0105gni\u0119cia artystyczne.<\/p>\n\n\n\n<p>Podczas gali doceniono r\u00f3wnie\u017c przedstawicieli naszej kadry pedagogicznej \u2013 Pani\u0105 Renat\u0119 Chamer\u0119-W\u00f3jcik, dyrektor szko\u0142y, oraz Pani\u0105 Mariol\u0119 Marsza\u0142ek, nauczycielk\u0119 edukacji wczesnoszkolnej, kt\u00f3re otrzyma\u0142y Nagrody W\u00f3jta w uznaniu za osi\u0105gni\u0119cia dydaktyczne i wychowawcze oraz zaanga\u017cowanie w rozw\u00f3j szko\u0142y.<\/p>\n\n\n\n<p>Wyr\u00f3\u017cnienia te s\u0105 powodem do dumy ca\u0142ej spo\u0142eczno\u015bci szkolnej. Serdecznie gratulujemy wszystkim nagrodzonym i \u017cyczymy dalszych sukces\u00f3w, motywacji do dzia\u0142ania i satysfakcji z podejmowanych wyzwa\u0144.<\/p>\n\n\n\n<figure class=\"wp-block-gallery has-nested-images columns-1 is-cropped wp-block-gallery-1 is-layout-flex wp-block-gallery-is-layout-flex\">\n<figure class=\"wp-block-image size-large\"><img fetchpriority=\"high\" decoding=\"async\" width=\"1024\" height=\"576\" data-id=\"25357\" src=\"http:\/\/spbazanowice.com.pl\/wp-content\/uploads\/2025\/10\/2-10-1024x576.png\" alt=\"\" class=\"wp-image-25357\" srcset=\"http:\/\/spbazanowice.com.pl\/wp-content\/uploads\/2025\/10\/2-10-1024x576.png 1024w, http:\/\/spbazanowice.com.pl\/wp-content\/uploads\/2025\/10\/2-10-300x169.png 300w, http:\/\/spbazanowice.com.pl\/wp-content\/uploads\/2025\/10\/2-10-768x432.png 768w, http:\/\/spbazanowice.com.pl\/wp-content\/uploads\/2025\/10\/2-10-1536x864.png 1536w, http:\/\/spbazanowice.com.pl\/wp-content\/uploads\/2025\/10\/2-10.png 1920w\" sizes=\"(max-width: 1024px) 100vw, 1024px\" \/><\/figure>\n\n\n\n<figure class=\"wp-block-image size-large\"><img decoding=\"async\" width=\"1024\" height=\"576\" data-id=\"25358\" src=\"http:\/\/spbazanowice.com.pl\/wp-content\/uploads\/2025\/10\/3-8-1024x576.png\" alt=\"\" class=\"wp-image-25358\" srcset=\"http:\/\/spbazanowice.com.pl\/wp-content\/uploads\/2025\/10\/3-8-1024x576.png 1024w, http:\/\/spbazanowice.com.pl\/wp-content\/uploads\/2025\/10\/3-8-300x169.png 300w, http:\/\/spbazanowice.com.pl\/wp-content\/uploads\/2025\/10\/3-8-768x432.png 768w, http:\/\/spbazanowice.com.pl\/wp-content\/uploads\/2025\/10\/3-8-1536x864.png 1536w, http:\/\/spbazanowice.com.pl\/wp-content\/uploads\/2025\/10\/3-8.png 1920w\" sizes=\"(max-width: 1024px) 100vw, 1024px\" \/><\/figure>\n<\/figure>\n","protected":false},"excerpt":{"rendered":"<p>Dnia 13 pa\u017adziernika br. odby\u0142a si\u0119 III Gala O\u015bwiatowa Gminy Golesz\u00f3w, podczas kt\u00f3rej uhonorowano uczni\u00f3w, nauczycieli i dyrektor\u00f3w za szczeg\u00f3lne osi\u0105gni\u0119cia w pracy i nauce w roku szkolnym 2024\/2025. Podczas uroczysto\u015bci Pani W\u00f3jt Sylwia Cie\u015blar wr\u0119czy\u0142a stypendia za wysokie wyniki w nauce oraz Nagrody W\u00f3jta Gminy Golesz\u00f3w. Z rado\u015bci\u0105 informujemy, \u017ce w\u015br\u00f3d wyr\u00f3\u017cnionych znalaz\u0142o si\u0119 [&hellip;]<\/p>\n","protected":false},"author":5,"featured_media":25356,"comment_status":"closed","ping_status":"open","sticky":false,"template":"","format":"standard","meta":{"footnotes":""},"categories":[9],"tags":[],"class_list":["post-25355","post","type-post","status-publish","format-standard","has-post-thumbnail","hentry","category-aktualnosci"],"yoast_head":"<!-- This site is optimized with the Yoast SEO plugin v24.7 - https:\/\/yoast.com\/wordpress\/plugins\/seo\/ -->\n<title>III Gala O\u015bwiatowa Gminy Golesz\u00f3w - Szko\u0142a Podstawowa im. Paw\u0142a Stalmacha w Ba\u017canowicach<\/title>\n<meta name=\"robots\" content=\"index, follow, max-snippet:-1, max-image-preview:large, max-video-preview:-1\" \/>\n<link rel=\"canonical\" href=\"http:\/\/spbazanowice.com.pl\/?p=25355\" \/>\n<meta property=\"og:locale\" content=\"pl_PL\" \/>\n<meta property=\"og:type\" content=\"article\" \/>\n<meta property=\"og:title\" content=\"III Gala O\u015bwiatowa Gminy Golesz\u00f3w - Szko\u0142a Podstawowa im. Paw\u0142a Stalmacha w Ba\u017canowicach\" \/>\n<meta property=\"og:description\" content=\"Dnia 13 pa\u017adziernika br. odby\u0142a si\u0119 III Gala O\u015bwiatowa Gminy Golesz\u00f3w, podczas kt\u00f3rej uhonorowano uczni\u00f3w, nauczycieli i dyrektor\u00f3w za szczeg\u00f3lne osi\u0105gni\u0119cia w pracy i nauce w roku szkolnym 2024\/2025. Podczas uroczysto\u015bci Pani W\u00f3jt Sylwia Cie\u015blar wr\u0119czy\u0142a stypendia za wysokie wyniki w nauce oraz Nagrody W\u00f3jta Gminy Golesz\u00f3w. Z rado\u015bci\u0105 informujemy, \u017ce w\u015br\u00f3d wyr\u00f3\u017cnionych znalaz\u0142o si\u0119 [&hellip;]\" \/>\n<meta property=\"og:url\" content=\"http:\/\/spbazanowice.com.pl\/?p=25355\" \/>\n<meta property=\"og:site_name\" content=\"Szko\u0142a Podstawowa im. Paw\u0142a Stalmacha w Ba\u017canowicach\" \/>\n<meta property=\"article:publisher\" content=\"https:\/\/www.facebook.com\/people\/Szkoa-Podstawowa-im-Pawa-Stalmacha-w-Baanowicach\/100063560261577\/\" \/>\n<meta property=\"article:published_time\" content=\"2025-10-14T19:13:15+00:00\" \/>\n<meta property=\"article:modified_time\" content=\"2025-11-09T17:11:33+00:00\" \/>\n<meta property=\"og:image\" content=\"http:\/\/spbazanowice.com.pl\/wp-content\/uploads\/2025\/10\/1-8.png\" \/>\n\t<meta property=\"og:image:width\" content=\"1920\" \/>\n\t<meta property=\"og:image:height\" content=\"1080\" \/>\n\t<meta property=\"og:image:type\" content=\"image\/png\" \/>\n<meta name=\"author\" content=\"Micha\u0142 D\u0105browski\" \/>\n<meta name=\"twitter:card\" content=\"summary_large_image\" \/>\n<meta name=\"twitter:label1\" content=\"Napisane przez\" \/>\n\t<meta name=\"twitter:data1\" content=\"\" \/>\n\t<meta name=\"twitter:label2\" content=\"Szacowany czas czytania\" \/>\n\t<meta name=\"twitter:data2\" content=\"2 minuty\" \/>\n<script type=\"application\/ld+json\" class=\"yoast-schema-graph\">{\"@context\":\"https:\/\/schema.org\",\"@graph\":[{\"@type\":\"Article\",\"@id\":\"http:\/\/spbazanowice.com.pl\/?p=25355#article\",\"isPartOf\":{\"@id\":\"http:\/\/spbazanowice.com.pl\/?p=25355\"},\"author\":{\"name\":\"Micha\u0142 D\u0105browski\",\"@id\":\"http:\/\/spbazanowice.com.pl\/#\/schema\/person\/33ef86d4a184dd9a737e21bfdcb04f7f\"},\"headline\":\"III Gala O\u015bwiatowa Gminy Golesz\u00f3w\",\"datePublished\":\"2025-10-14T19:13:15+00:00\",\"dateModified\":\"2025-11-09T17:11:33+00:00\",\"mainEntityOfPage\":{\"@id\":\"http:\/\/spbazanowice.com.pl\/?p=25355\"},\"wordCount\":207,\"publisher\":{\"@id\":\"http:\/\/spbazanowice.com.pl\/#organization\"},\"image\":{\"@id\":\"http:\/\/spbazanowice.com.pl\/?p=25355#primaryimage\"},\"thumbnailUrl\":\"http:\/\/spbazanowice.com.pl\/wp-content\/uploads\/2025\/10\/1-8.png\",\"articleSection\":[\"Aktualno\u015bci\"],\"inLanguage\":\"pl-PL\"},{\"@type\":\"WebPage\",\"@id\":\"http:\/\/spbazanowice.com.pl\/?p=25355\",\"url\":\"http:\/\/spbazanowice.com.pl\/?p=25355\",\"name\":\"III Gala O\u015bwiatowa Gminy Golesz\u00f3w - Szko\u0142a Podstawowa im. Paw\u0142a Stalmacha w Ba\u017canowicach\",\"isPartOf\":{\"@id\":\"http:\/\/spbazanowice.com.pl\/#website\"},\"primaryImageOfPage\":{\"@id\":\"http:\/\/spbazanowice.com.pl\/?p=25355#primaryimage\"},\"image\":{\"@id\":\"http:\/\/spbazanowice.com.pl\/?p=25355#primaryimage\"},\"thumbnailUrl\":\"http:\/\/spbazanowice.com.pl\/wp-content\/uploads\/2025\/10\/1-8.png\",\"datePublished\":\"2025-10-14T19:13:15+00:00\",\"dateModified\":\"2025-11-09T17:11:33+00:00\",\"breadcrumb\":{\"@id\":\"http:\/\/spbazanowice.com.pl\/?p=25355#breadcrumb\"},\"inLanguage\":\"pl-PL\",\"potentialAction\":[{\"@type\":\"ReadAction\",\"target\":[\"http:\/\/spbazanowice.com.pl\/?p=25355\"]}]},{\"@type\":\"ImageObject\",\"inLanguage\":\"pl-PL\",\"@id\":\"http:\/\/spbazanowice.com.pl\/?p=25355#primaryimage\",\"url\":\"http:\/\/spbazanowice.com.pl\/wp-content\/uploads\/2025\/10\/1-8.png\",\"contentUrl\":\"http:\/\/spbazanowice.com.pl\/wp-content\/uploads\/2025\/10\/1-8.png\",\"width\":1920,\"height\":1080},{\"@type\":\"BreadcrumbList\",\"@id\":\"http:\/\/spbazanowice.com.pl\/?p=25355#breadcrumb\",\"itemListElement\":[{\"@type\":\"ListItem\",\"position\":1,\"name\":\"Strona g\u0142\u00f3wna\",\"item\":\"http:\/\/spbazanowice.com.pl\/\"},{\"@type\":\"ListItem\",\"position\":2,\"name\":\"III Gala O\u015bwiatowa Gminy Golesz\u00f3w\"}]},{\"@type\":\"WebSite\",\"@id\":\"http:\/\/spbazanowice.com.pl\/#website\",\"url\":\"http:\/\/spbazanowice.com.pl\/\",\"name\":\"Szko\u0142a Podstawowa im. Paw\u0142a Stalmacha w Ba\u017canowicach\",\"description\":\"\",\"publisher\":{\"@id\":\"http:\/\/spbazanowice.com.pl\/#organization\"},\"potentialAction\":[{\"@type\":\"SearchAction\",\"target\":{\"@type\":\"EntryPoint\",\"urlTemplate\":\"http:\/\/spbazanowice.com.pl\/?s={search_term_string}\"},\"query-input\":{\"@type\":\"PropertyValueSpecification\",\"valueRequired\":true,\"valueName\":\"search_term_string\"}}],\"inLanguage\":\"pl-PL\"},{\"@type\":\"Organization\",\"@id\":\"http:\/\/spbazanowice.com.pl\/#organization\",\"name\":\"Szko\u0142a Podstawowa im. Paw\u0142a Stalmacha w Ba\u017canowicach\",\"url\":\"http:\/\/spbazanowice.com.pl\/\",\"logo\":{\"@type\":\"ImageObject\",\"inLanguage\":\"pl-PL\",\"@id\":\"http:\/\/spbazanowice.com.pl\/#\/schema\/logo\/image\/\",\"url\":\"http:\/\/spbazanowice.com.pl\/wp-content\/uploads\/2023\/03\/IMG-20211220-WA0000-1.jpg\",\"contentUrl\":\"http:\/\/spbazanowice.com.pl\/wp-content\/uploads\/2023\/03\/IMG-20211220-WA0000-1.jpg\",\"width\":353,\"height\":396,\"caption\":\"Szko\u0142a Podstawowa im. Paw\u0142a Stalmacha w Ba\u017canowicach\"},\"image\":{\"@id\":\"http:\/\/spbazanowice.com.pl\/#\/schema\/logo\/image\/\"},\"sameAs\":[\"https:\/\/www.facebook.com\/people\/Szkoa-Podstawowa-im-Pawa-Stalmacha-w-Baanowicach\/100063560261577\/\"]},{\"@type\":\"Person\",\"@id\":\"http:\/\/spbazanowice.com.pl\/#\/schema\/person\/33ef86d4a184dd9a737e21bfdcb04f7f\",\"name\":\"Micha\u0142 D\u0105browski\",\"image\":{\"@type\":\"ImageObject\",\"inLanguage\":\"pl-PL\",\"@id\":\"http:\/\/spbazanowice.com.pl\/#\/schema\/person\/image\/\",\"url\":\"https:\/\/secure.gravatar.com\/avatar\/9ddb49673ee1f918288df843295001d4?s=96&d=mm&r=g\",\"contentUrl\":\"https:\/\/secure.gravatar.com\/avatar\/9ddb49673ee1f918288df843295001d4?s=96&d=mm&r=g\",\"caption\":\"Micha\u0142 D\u0105browski\"},\"url\":\"http:\/\/spbazanowice.com.pl\/?author=5\"}]}<\/script>\n<!-- \/ Yoast SEO plugin. -->","yoast_head_json":{"title":"III Gala O\u015bwiatowa Gminy Golesz\u00f3w - Szko\u0142a Podstawowa im. Paw\u0142a Stalmacha w Ba\u017canowicach","robots":{"index":"index","follow":"follow","max-snippet":"max-snippet:-1","max-image-preview":"max-image-preview:large","max-video-preview":"max-video-preview:-1"},"canonical":"http:\/\/spbazanowice.com.pl\/?p=25355","og_locale":"pl_PL","og_type":"article","og_title":"III Gala O\u015bwiatowa Gminy Golesz\u00f3w - Szko\u0142a Podstawowa im. Paw\u0142a Stalmacha w Ba\u017canowicach","og_description":"Dnia 13 pa\u017adziernika br. odby\u0142a si\u0119 III Gala O\u015bwiatowa Gminy Golesz\u00f3w, podczas kt\u00f3rej uhonorowano uczni\u00f3w, nauczycieli i dyrektor\u00f3w za szczeg\u00f3lne osi\u0105gni\u0119cia w pracy i nauce w roku szkolnym 2024\/2025. Podczas uroczysto\u015bci Pani W\u00f3jt Sylwia Cie\u015blar wr\u0119czy\u0142a stypendia za wysokie wyniki w nauce oraz Nagrody W\u00f3jta Gminy Golesz\u00f3w. Z rado\u015bci\u0105 informujemy, \u017ce w\u015br\u00f3d wyr\u00f3\u017cnionych znalaz\u0142o si\u0119 [&hellip;]","og_url":"http:\/\/spbazanowice.com.pl\/?p=25355","og_site_name":"Szko\u0142a Podstawowa im. Paw\u0142a Stalmacha w Ba\u017canowicach","article_publisher":"https:\/\/www.facebook.com\/people\/Szkoa-Podstawowa-im-Pawa-Stalmacha-w-Baanowicach\/100063560261577\/","article_published_time":"2025-10-14T19:13:15+00:00","article_modified_time":"2025-11-09T17:11:33+00:00","og_image":[{"width":1920,"height":1080,"url":"http:\/\/spbazanowice.com.pl\/wp-content\/uploads\/2025\/10\/1-8.png","type":"image\/png"}],"author":"Micha\u0142 D\u0105browski","twitter_card":"summary_large_image","twitter_misc":{"Napisane przez":false,"Szacowany czas czytania":"2 minuty"},"schema":{"@context":"https:\/\/schema.org","@graph":[{"@type":"Article","@id":"http:\/\/spbazanowice.com.pl\/?p=25355#article","isPartOf":{"@id":"http:\/\/spbazanowice.com.pl\/?p=25355"},"author":{"name":"Micha\u0142 D\u0105browski","@id":"http:\/\/spbazanowice.com.pl\/#\/schema\/person\/33ef86d4a184dd9a737e21bfdcb04f7f"},"headline":"III Gala O\u015bwiatowa Gminy Golesz\u00f3w","datePublished":"2025-10-14T19:13:15+00:00","dateModified":"2025-11-09T17:11:33+00:00","mainEntityOfPage":{"@id":"http:\/\/spbazanowice.com.pl\/?p=25355"},"wordCount":207,"publisher":{"@id":"http:\/\/spbazanowice.com.pl\/#organization"},"image":{"@id":"http:\/\/spbazanowice.com.pl\/?p=25355#primaryimage"},"thumbnailUrl":"http:\/\/spbazanowice.com.pl\/wp-content\/uploads\/2025\/10\/1-8.png","articleSection":["Aktualno\u015bci"],"inLanguage":"pl-PL"},{"@type":"WebPage","@id":"http:\/\/spbazanowice.com.pl\/?p=25355","url":"http:\/\/spbazanowice.com.pl\/?p=25355","name":"III Gala O\u015bwiatowa Gminy Golesz\u00f3w - Szko\u0142a Podstawowa im. Paw\u0142a Stalmacha w Ba\u017canowicach","isPartOf":{"@id":"http:\/\/spbazanowice.com.pl\/#website"},"primaryImageOfPage":{"@id":"http:\/\/spbazanowice.com.pl\/?p=25355#primaryimage"},"image":{"@id":"http:\/\/spbazanowice.com.pl\/?p=25355#primaryimage"},"thumbnailUrl":"http:\/\/spbazanowice.com.pl\/wp-content\/uploads\/2025\/10\/1-8.png","datePublished":"2025-10-14T19:13:15+00:00","dateModified":"2025-11-09T17:11:33+00:00","breadcrumb":{"@id":"http:\/\/spbazanowice.com.pl\/?p=25355#breadcrumb"},"inLanguage":"pl-PL","potentialAction":[{"@type":"ReadAction","target":["http:\/\/spbazanowice.com.pl\/?p=25355"]}]},{"@type":"ImageObject","inLanguage":"pl-PL","@id":"http:\/\/spbazanowice.com.pl\/?p=25355#primaryimage","url":"http:\/\/spbazanowice.com.pl\/wp-content\/uploads\/2025\/10\/1-8.png","contentUrl":"http:\/\/spbazanowice.com.pl\/wp-content\/uploads\/2025\/10\/1-8.png","width":1920,"height":1080},{"@type":"BreadcrumbList","@id":"http:\/\/spbazanowice.com.pl\/?p=25355#breadcrumb","itemListElement":[{"@type":"ListItem","position":1,"name":"Strona g\u0142\u00f3wna","item":"http:\/\/spbazanowice.com.pl\/"},{"@type":"ListItem","position":2,"name":"III Gala O\u015bwiatowa Gminy Golesz\u00f3w"}]},{"@type":"WebSite","@id":"http:\/\/spbazanowice.com.pl\/#website","url":"http:\/\/spbazanowice.com.pl\/","name":"Szko\u0142a Podstawowa im. Paw\u0142a Stalmacha w Ba\u017canowicach","description":"","publisher":{"@id":"http:\/\/spbazanowice.com.pl\/#organization"},"potentialAction":[{"@type":"SearchAction","target":{"@type":"EntryPoint","urlTemplate":"http:\/\/spbazanowice.com.pl\/?s={search_term_string}"},"query-input":{"@type":"PropertyValueSpecification","valueRequired":true,"valueName":"search_term_string"}}],"inLanguage":"pl-PL"},{"@type":"Organization","@id":"http:\/\/spbazanowice.com.pl\/#organization","name":"Szko\u0142a Podstawowa im. Paw\u0142a Stalmacha w Ba\u017canowicach","url":"http:\/\/spbazanowice.com.pl\/","logo":{"@type":"ImageObject","inLanguage":"pl-PL","@id":"http:\/\/spbazanowice.com.pl\/#\/schema\/logo\/image\/","url":"http:\/\/spbazanowice.com.pl\/wp-content\/uploads\/2023\/03\/IMG-20211220-WA0000-1.jpg","contentUrl":"http:\/\/spbazanowice.com.pl\/wp-content\/uploads\/2023\/03\/IMG-20211220-WA0000-1.jpg","width":353,"height":396,"caption":"Szko\u0142a Podstawowa im. Paw\u0142a Stalmacha w Ba\u017canowicach"},"image":{"@id":"http:\/\/spbazanowice.com.pl\/#\/schema\/logo\/image\/"},"sameAs":["https:\/\/www.facebook.com\/people\/Szkoa-Podstawowa-im-Pawa-Stalmacha-w-Baanowicach\/100063560261577\/"]},{"@type":"Person","@id":"http:\/\/spbazanowice.com.pl\/#\/schema\/person\/33ef86d4a184dd9a737e21bfdcb04f7f","name":"Micha\u0142 D\u0105browski","image":{"@type":"ImageObject","inLanguage":"pl-PL","@id":"http:\/\/spbazanowice.com.pl\/#\/schema\/person\/image\/","url":"https:\/\/secure.gravatar.com\/avatar\/9ddb49673ee1f918288df843295001d4?s=96&d=mm&r=g","contentUrl":"https:\/\/secure.gravatar.com\/avatar\/9ddb49673ee1f918288df843295001d4?s=96&d=mm&r=g","caption":"Micha\u0142 D\u0105browski"},"url":"http:\/\/spbazanowice.com.pl\/?author=5"}]}},"_links":{"self":[{"href":"http:\/\/spbazanowice.com.pl\/index.php?rest_route=\/wp\/v2\/posts\/25355","targetHints":{"allow":["GET"]}}],"collection":[{"href":"http:\/\/spbazanowice.com.pl\/index.php?rest_route=\/wp\/v2\/posts"}],"about":[{"href":"http:\/\/spbazanowice.com.pl\/index.php?rest_route=\/wp\/v2\/types\/post"}],"author":[{"embeddable":true,"href":"http:\/\/spbazanowice.com.pl\/index.php?rest_route=\/wp\/v2\/users\/5"}],"replies":[{"embeddable":true,"href":"http:\/\/spbazanowice.com.pl\/index.php?rest_route=%2Fwp%2Fv2%2Fcomments&post=25355"}],"version-history":[{"count":3,"href":"http:\/\/spbazanowice.com.pl\/index.php?rest_route=\/wp\/v2\/posts\/25355\/revisions"}],"predecessor-version":[{"id":25699,"href":"http:\/\/spbazanowice.com.pl\/index.php?rest_route=\/wp\/v2\/posts\/25355\/revisions\/25699"}],"wp:featuredmedia":[{"embeddable":true,"href":"http:\/\/spbazanowice.com.pl\/index.php?rest_route=\/wp\/v2\/media\/25356"}],"wp:attachment":[{"href":"http:\/\/spbazanowice.com.pl\/index.php?rest_route=%2Fwp%2Fv2%2Fmedia&parent=25355"}],"wp:term":[{"taxonomy":"category","embeddable":true,"href":"http:\/\/spbazanowice.com.pl\/index.php?rest_route=%2Fwp%2Fv2%2Fcategories&post=25355"},{"taxonomy":"post_tag","embeddable":true,"href":"http:\/\/spbazanowice.com.pl\/index.php?rest_route=%2Fwp%2Fv2%2Ftags&post=25355"}],"curies":[{"name":"wp","href":"https:\/\/api.w.org\/{rel}","templated":true}]}}