{"id":25251,"date":"2025-10-10T20:03:32","date_gmt":"2025-10-10T18:03:32","guid":{"rendered":"https:\/\/spbazanowice.com.pl\/?p=25251"},"modified":"2025-10-12T11:33:16","modified_gmt":"2025-10-12T09:33:16","slug":"swiadectwa-historii-wspomnienia-z-czasow-wojny","status":"publish","type":"post","link":"http:\/\/spbazanowice.com.pl\/?p=25251","title":{"rendered":"\u015awiadectwa historii \u2013 wspomnienia z czas\u00f3w wojny"},"content":{"rendered":"\n<p>Pami\u0119tajmy \u2013 historia to nie tylko daty i wydarzenia, ale przede wszystkim ludzkie losy.<\/p>\n\n\n\n<p>Wrzesie\u0144 to szczeg\u00f3lny miesi\u0105c w historii Polski \u2013 przypadaj\u0105 w nim rocznice napa\u015bci na nasz kraj, kt\u00f3re zapocz\u0105tkowa\u0142y II wojn\u0119 \u015bwiatow\u0105. To czas refleksji i pami\u0119ci o tych, kt\u00f3rzy do\u015bwiadczyli wojennego dramatu.<\/p>\n\n\n\n<p>Z tej okazji uczniowie klasy VIII wzi\u0119li udzia\u0142 w wyj\u0105tkowym projekcie edukacyjnym \u0142\u0105cz\u0105cym tre\u015bci z j\u0119zyka polskiego i historii. Celem przedsi\u0119wzi\u0119cia by\u0142o ocalenie od zapomnienia wspomnie\u0144 os\u00f3b, kt\u00f3re prze\u017cy\u0142y czasy wojny.<br>Uczniowie przeprowadzili wywiady ze swoimi bliskimi &#8211; pytaj\u0105c o ich do\u015bwiadczenia, emocje i refleksje zwi\u0105zane z wojenn\u0105 rzeczywisto\u015bci\u0105.<\/p>\n\n\n\n<p>Dzi\u0119ki tym rozmowom m\u0142odzie\u017c mog\u0142a lepiej zrozumie\u0107, jak wielk\u0105 warto\u015b\u0107 maj\u0105 wspomnienia \u015bwiadk\u00f3w historii, a tak\u017ce doceni\u0107 wolno\u015b\u0107 i pok\u00f3j, w jakich \u017cyjemy dzi\u015b.<br>Opiekunem merytorycznym projektu by\u0142a pani mgr Natalia Krz\u0105szcz.<\/p>\n\n\n\n<figure class=\"wp-block-gallery has-nested-images columns-1 is-cropped wp-block-gallery-1 is-layout-flex wp-block-gallery-is-layout-flex\">\n<figure class=\"wp-block-image size-large\"><img fetchpriority=\"high\" decoding=\"async\" width=\"1024\" height=\"576\" data-id=\"25252\" src=\"https:\/\/spbazanowice.com.pl\/wp-content\/uploads\/2025\/10\/1-7-1024x576.png\" alt=\"\" class=\"wp-image-25252\" srcset=\"http:\/\/spbazanowice.com.pl\/wp-content\/uploads\/2025\/10\/1-7-1024x576.png 1024w, http:\/\/spbazanowice.com.pl\/wp-content\/uploads\/2025\/10\/1-7-300x169.png 300w, http:\/\/spbazanowice.com.pl\/wp-content\/uploads\/2025\/10\/1-7-768x432.png 768w, http:\/\/spbazanowice.com.pl\/wp-content\/uploads\/2025\/10\/1-7-1536x864.png 1536w, http:\/\/spbazanowice.com.pl\/wp-content\/uploads\/2025\/10\/1-7.png 1920w\" sizes=\"(max-width: 1024px) 100vw, 1024px\" \/><\/figure>\n\n\n\n<figure class=\"wp-block-image size-large\"><img decoding=\"async\" width=\"1024\" height=\"576\" data-id=\"25255\" src=\"https:\/\/spbazanowice.com.pl\/wp-content\/uploads\/2025\/10\/3-6-1024x576.png\" alt=\"\" class=\"wp-image-25255\" srcset=\"http:\/\/spbazanowice.com.pl\/wp-content\/uploads\/2025\/10\/3-6-1024x576.png 1024w, http:\/\/spbazanowice.com.pl\/wp-content\/uploads\/2025\/10\/3-6-300x169.png 300w, http:\/\/spbazanowice.com.pl\/wp-content\/uploads\/2025\/10\/3-6-768x432.png 768w, http:\/\/spbazanowice.com.pl\/wp-content\/uploads\/2025\/10\/3-6-1536x864.png 1536w, http:\/\/spbazanowice.com.pl\/wp-content\/uploads\/2025\/10\/3-6.png 1920w\" sizes=\"(max-width: 1024px) 100vw, 1024px\" \/><\/figure>\n\n\n\n<figure class=\"wp-block-image size-large\"><img decoding=\"async\" width=\"1024\" height=\"576\" data-id=\"25254\" src=\"https:\/\/spbazanowice.com.pl\/wp-content\/uploads\/2025\/10\/4-5-1024x576.png\" alt=\"\" class=\"wp-image-25254\" srcset=\"http:\/\/spbazanowice.com.pl\/wp-content\/uploads\/2025\/10\/4-5-1024x576.png 1024w, http:\/\/spbazanowice.com.pl\/wp-content\/uploads\/2025\/10\/4-5-300x169.png 300w, http:\/\/spbazanowice.com.pl\/wp-content\/uploads\/2025\/10\/4-5-768x432.png 768w, http:\/\/spbazanowice.com.pl\/wp-content\/uploads\/2025\/10\/4-5-1536x864.png 1536w, http:\/\/spbazanowice.com.pl\/wp-content\/uploads\/2025\/10\/4-5.png 1920w\" sizes=\"(max-width: 1024px) 100vw, 1024px\" \/><\/figure>\n\n\n\n<figure class=\"wp-block-image size-large\"><img loading=\"lazy\" decoding=\"async\" width=\"1024\" height=\"576\" data-id=\"25253\" src=\"https:\/\/spbazanowice.com.pl\/wp-content\/uploads\/2025\/10\/2-8-1024x576.png\" alt=\"\" class=\"wp-image-25253\" srcset=\"http:\/\/spbazanowice.com.pl\/wp-content\/uploads\/2025\/10\/2-8-1024x576.png 1024w, http:\/\/spbazanowice.com.pl\/wp-content\/uploads\/2025\/10\/2-8-300x169.png 300w, http:\/\/spbazanowice.com.pl\/wp-content\/uploads\/2025\/10\/2-8-768x432.png 768w, http:\/\/spbazanowice.com.pl\/wp-content\/uploads\/2025\/10\/2-8-1536x864.png 1536w, http:\/\/spbazanowice.com.pl\/wp-content\/uploads\/2025\/10\/2-8.png 1920w\" sizes=\"(max-width: 1024px) 100vw, 1024px\" \/><\/figure>\n<\/figure>\n","protected":false},"excerpt":{"rendered":"<p>Pami\u0119tajmy \u2013 historia to nie tylko daty i wydarzenia, ale przede wszystkim ludzkie losy. Wrzesie\u0144 to szczeg\u00f3lny miesi\u0105c w historii Polski \u2013 przypadaj\u0105 w nim rocznice napa\u015bci na nasz kraj, kt\u00f3re zapocz\u0105tkowa\u0142y II wojn\u0119 \u015bwiatow\u0105. To czas refleksji i pami\u0119ci o tych, kt\u00f3rzy do\u015bwiadczyli wojennego dramatu. Z tej okazji uczniowie klasy VIII wzi\u0119li udzia\u0142 w [&hellip;]<\/p>\n","protected":false},"author":5,"featured_media":25328,"comment_status":"closed","ping_status":"open","sticky":false,"template":"","format":"standard","meta":{"footnotes":""},"categories":[9],"tags":[],"class_list":["post-25251","post","type-post","status-publish","format-standard","has-post-thumbnail","hentry","category-aktualnosci"],"yoast_head":"<!-- This site is optimized with the Yoast SEO plugin v24.7 - https:\/\/yoast.com\/wordpress\/plugins\/seo\/ -->\n<title>\u015awiadectwa historii \u2013 wspomnienia z czas\u00f3w wojny - Szko\u0142a Podstawowa im. Paw\u0142a Stalmacha w Ba\u017canowicach<\/title>\n<meta name=\"robots\" content=\"index, follow, max-snippet:-1, max-image-preview:large, max-video-preview:-1\" \/>\n<link rel=\"canonical\" href=\"http:\/\/spbazanowice.com.pl\/?p=25251\" \/>\n<meta property=\"og:locale\" content=\"pl_PL\" \/>\n<meta property=\"og:type\" content=\"article\" \/>\n<meta property=\"og:title\" content=\"\u015awiadectwa historii \u2013 wspomnienia z czas\u00f3w wojny - Szko\u0142a Podstawowa im. Paw\u0142a Stalmacha w Ba\u017canowicach\" \/>\n<meta property=\"og:description\" content=\"Pami\u0119tajmy \u2013 historia to nie tylko daty i wydarzenia, ale przede wszystkim ludzkie losy. Wrzesie\u0144 to szczeg\u00f3lny miesi\u0105c w historii Polski \u2013 przypadaj\u0105 w nim rocznice napa\u015bci na nasz kraj, kt\u00f3re zapocz\u0105tkowa\u0142y II wojn\u0119 \u015bwiatow\u0105. To czas refleksji i pami\u0119ci o tych, kt\u00f3rzy do\u015bwiadczyli wojennego dramatu. Z tej okazji uczniowie klasy VIII wzi\u0119li udzia\u0142 w [&hellip;]\" \/>\n<meta property=\"og:url\" content=\"http:\/\/spbazanowice.com.pl\/?p=25251\" \/>\n<meta property=\"og:site_name\" content=\"Szko\u0142a Podstawowa im. Paw\u0142a Stalmacha w Ba\u017canowicach\" \/>\n<meta property=\"article:publisher\" content=\"https:\/\/www.facebook.com\/people\/Szkoa-Podstawowa-im-Pawa-Stalmacha-w-Baanowicach\/100063560261577\/\" \/>\n<meta property=\"article:published_time\" content=\"2025-10-10T18:03:32+00:00\" \/>\n<meta property=\"article:modified_time\" content=\"2025-10-12T09:33:16+00:00\" \/>\n<meta property=\"og:image\" content=\"http:\/\/spbazanowice.com.pl\/wp-content\/uploads\/2025\/10\/Swiadectwa-historii.png\" \/>\n\t<meta property=\"og:image:width\" content=\"1920\" \/>\n\t<meta property=\"og:image:height\" content=\"1080\" \/>\n\t<meta property=\"og:image:type\" content=\"image\/png\" \/>\n<meta name=\"author\" content=\"Micha\u0142 D\u0105browski\" \/>\n<meta name=\"twitter:card\" content=\"summary_large_image\" \/>\n<meta name=\"twitter:label1\" content=\"Napisane przez\" \/>\n\t<meta name=\"twitter:data1\" content=\"\" \/>\n\t<meta name=\"twitter:label2\" content=\"Szacowany czas czytania\" \/>\n\t<meta name=\"twitter:data2\" content=\"2 minuty\" \/>\n<script type=\"application\/ld+json\" class=\"yoast-schema-graph\">{\"@context\":\"https:\/\/schema.org\",\"@graph\":[{\"@type\":\"Article\",\"@id\":\"http:\/\/spbazanowice.com.pl\/?p=25251#article\",\"isPartOf\":{\"@id\":\"http:\/\/spbazanowice.com.pl\/?p=25251\"},\"author\":{\"name\":\"Micha\u0142 D\u0105browski\",\"@id\":\"http:\/\/spbazanowice.com.pl\/#\/schema\/person\/33ef86d4a184dd9a737e21bfdcb04f7f\"},\"headline\":\"\u015awiadectwa historii \u2013 wspomnienia z czas\u00f3w wojny\",\"datePublished\":\"2025-10-10T18:03:32+00:00\",\"dateModified\":\"2025-10-12T09:33:16+00:00\",\"mainEntityOfPage\":{\"@id\":\"http:\/\/spbazanowice.com.pl\/?p=25251\"},\"wordCount\":166,\"publisher\":{\"@id\":\"http:\/\/spbazanowice.com.pl\/#organization\"},\"image\":{\"@id\":\"http:\/\/spbazanowice.com.pl\/?p=25251#primaryimage\"},\"thumbnailUrl\":\"http:\/\/spbazanowice.com.pl\/wp-content\/uploads\/2025\/10\/Swiadectwa-historii.png\",\"articleSection\":[\"Aktualno\u015bci\"],\"inLanguage\":\"pl-PL\"},{\"@type\":\"WebPage\",\"@id\":\"http:\/\/spbazanowice.com.pl\/?p=25251\",\"url\":\"http:\/\/spbazanowice.com.pl\/?p=25251\",\"name\":\"\u015awiadectwa historii \u2013 wspomnienia z czas\u00f3w wojny - Szko\u0142a Podstawowa im. Paw\u0142a Stalmacha w Ba\u017canowicach\",\"isPartOf\":{\"@id\":\"http:\/\/spbazanowice.com.pl\/#website\"},\"primaryImageOfPage\":{\"@id\":\"http:\/\/spbazanowice.com.pl\/?p=25251#primaryimage\"},\"image\":{\"@id\":\"http:\/\/spbazanowice.com.pl\/?p=25251#primaryimage\"},\"thumbnailUrl\":\"http:\/\/spbazanowice.com.pl\/wp-content\/uploads\/2025\/10\/Swiadectwa-historii.png\",\"datePublished\":\"2025-10-10T18:03:32+00:00\",\"dateModified\":\"2025-10-12T09:33:16+00:00\",\"breadcrumb\":{\"@id\":\"http:\/\/spbazanowice.com.pl\/?p=25251#breadcrumb\"},\"inLanguage\":\"pl-PL\",\"potentialAction\":[{\"@type\":\"ReadAction\",\"target\":[\"http:\/\/spbazanowice.com.pl\/?p=25251\"]}]},{\"@type\":\"ImageObject\",\"inLanguage\":\"pl-PL\",\"@id\":\"http:\/\/spbazanowice.com.pl\/?p=25251#primaryimage\",\"url\":\"http:\/\/spbazanowice.com.pl\/wp-content\/uploads\/2025\/10\/Swiadectwa-historii.png\",\"contentUrl\":\"http:\/\/spbazanowice.com.pl\/wp-content\/uploads\/2025\/10\/Swiadectwa-historii.png\",\"width\":1920,\"height\":1080},{\"@type\":\"BreadcrumbList\",\"@id\":\"http:\/\/spbazanowice.com.pl\/?p=25251#breadcrumb\",\"itemListElement\":[{\"@type\":\"ListItem\",\"position\":1,\"name\":\"Strona g\u0142\u00f3wna\",\"item\":\"http:\/\/spbazanowice.com.pl\/\"},{\"@type\":\"ListItem\",\"position\":2,\"name\":\"\u015awiadectwa historii \u2013 wspomnienia z czas\u00f3w wojny\"}]},{\"@type\":\"WebSite\",\"@id\":\"http:\/\/spbazanowice.com.pl\/#website\",\"url\":\"http:\/\/spbazanowice.com.pl\/\",\"name\":\"Szko\u0142a Podstawowa im. Paw\u0142a Stalmacha w Ba\u017canowicach\",\"description\":\"\",\"publisher\":{\"@id\":\"http:\/\/spbazanowice.com.pl\/#organization\"},\"potentialAction\":[{\"@type\":\"SearchAction\",\"target\":{\"@type\":\"EntryPoint\",\"urlTemplate\":\"http:\/\/spbazanowice.com.pl\/?s={search_term_string}\"},\"query-input\":{\"@type\":\"PropertyValueSpecification\",\"valueRequired\":true,\"valueName\":\"search_term_string\"}}],\"inLanguage\":\"pl-PL\"},{\"@type\":\"Organization\",\"@id\":\"http:\/\/spbazanowice.com.pl\/#organization\",\"name\":\"Szko\u0142a Podstawowa im. Paw\u0142a Stalmacha w Ba\u017canowicach\",\"url\":\"http:\/\/spbazanowice.com.pl\/\",\"logo\":{\"@type\":\"ImageObject\",\"inLanguage\":\"pl-PL\",\"@id\":\"http:\/\/spbazanowice.com.pl\/#\/schema\/logo\/image\/\",\"url\":\"http:\/\/spbazanowice.com.pl\/wp-content\/uploads\/2023\/03\/IMG-20211220-WA0000-1.jpg\",\"contentUrl\":\"http:\/\/spbazanowice.com.pl\/wp-content\/uploads\/2023\/03\/IMG-20211220-WA0000-1.jpg\",\"width\":353,\"height\":396,\"caption\":\"Szko\u0142a Podstawowa im. Paw\u0142a Stalmacha w Ba\u017canowicach\"},\"image\":{\"@id\":\"http:\/\/spbazanowice.com.pl\/#\/schema\/logo\/image\/\"},\"sameAs\":[\"https:\/\/www.facebook.com\/people\/Szkoa-Podstawowa-im-Pawa-Stalmacha-w-Baanowicach\/100063560261577\/\"]},{\"@type\":\"Person\",\"@id\":\"http:\/\/spbazanowice.com.pl\/#\/schema\/person\/33ef86d4a184dd9a737e21bfdcb04f7f\",\"name\":\"Micha\u0142 D\u0105browski\",\"image\":{\"@type\":\"ImageObject\",\"inLanguage\":\"pl-PL\",\"@id\":\"http:\/\/spbazanowice.com.pl\/#\/schema\/person\/image\/\",\"url\":\"https:\/\/secure.gravatar.com\/avatar\/9ddb49673ee1f918288df843295001d4?s=96&d=mm&r=g\",\"contentUrl\":\"https:\/\/secure.gravatar.com\/avatar\/9ddb49673ee1f918288df843295001d4?s=96&d=mm&r=g\",\"caption\":\"Micha\u0142 D\u0105browski\"},\"url\":\"http:\/\/spbazanowice.com.pl\/?author=5\"}]}<\/script>\n<!-- \/ Yoast SEO plugin. -->","yoast_head_json":{"title":"\u015awiadectwa historii \u2013 wspomnienia z czas\u00f3w wojny - Szko\u0142a Podstawowa im. Paw\u0142a Stalmacha w Ba\u017canowicach","robots":{"index":"index","follow":"follow","max-snippet":"max-snippet:-1","max-image-preview":"max-image-preview:large","max-video-preview":"max-video-preview:-1"},"canonical":"http:\/\/spbazanowice.com.pl\/?p=25251","og_locale":"pl_PL","og_type":"article","og_title":"\u015awiadectwa historii \u2013 wspomnienia z czas\u00f3w wojny - Szko\u0142a Podstawowa im. Paw\u0142a Stalmacha w Ba\u017canowicach","og_description":"Pami\u0119tajmy \u2013 historia to nie tylko daty i wydarzenia, ale przede wszystkim ludzkie losy. Wrzesie\u0144 to szczeg\u00f3lny miesi\u0105c w historii Polski \u2013 przypadaj\u0105 w nim rocznice napa\u015bci na nasz kraj, kt\u00f3re zapocz\u0105tkowa\u0142y II wojn\u0119 \u015bwiatow\u0105. To czas refleksji i pami\u0119ci o tych, kt\u00f3rzy do\u015bwiadczyli wojennego dramatu. Z tej okazji uczniowie klasy VIII wzi\u0119li udzia\u0142 w [&hellip;]","og_url":"http:\/\/spbazanowice.com.pl\/?p=25251","og_site_name":"Szko\u0142a Podstawowa im. Paw\u0142a Stalmacha w Ba\u017canowicach","article_publisher":"https:\/\/www.facebook.com\/people\/Szkoa-Podstawowa-im-Pawa-Stalmacha-w-Baanowicach\/100063560261577\/","article_published_time":"2025-10-10T18:03:32+00:00","article_modified_time":"2025-10-12T09:33:16+00:00","og_image":[{"width":1920,"height":1080,"url":"http:\/\/spbazanowice.com.pl\/wp-content\/uploads\/2025\/10\/Swiadectwa-historii.png","type":"image\/png"}],"author":"Micha\u0142 D\u0105browski","twitter_card":"summary_large_image","twitter_misc":{"Napisane przez":false,"Szacowany czas czytania":"2 minuty"},"schema":{"@context":"https:\/\/schema.org","@graph":[{"@type":"Article","@id":"http:\/\/spbazanowice.com.pl\/?p=25251#article","isPartOf":{"@id":"http:\/\/spbazanowice.com.pl\/?p=25251"},"author":{"name":"Micha\u0142 D\u0105browski","@id":"http:\/\/spbazanowice.com.pl\/#\/schema\/person\/33ef86d4a184dd9a737e21bfdcb04f7f"},"headline":"\u015awiadectwa historii \u2013 wspomnienia z czas\u00f3w wojny","datePublished":"2025-10-10T18:03:32+00:00","dateModified":"2025-10-12T09:33:16+00:00","mainEntityOfPage":{"@id":"http:\/\/spbazanowice.com.pl\/?p=25251"},"wordCount":166,"publisher":{"@id":"http:\/\/spbazanowice.com.pl\/#organization"},"image":{"@id":"http:\/\/spbazanowice.com.pl\/?p=25251#primaryimage"},"thumbnailUrl":"http:\/\/spbazanowice.com.pl\/wp-content\/uploads\/2025\/10\/Swiadectwa-historii.png","articleSection":["Aktualno\u015bci"],"inLanguage":"pl-PL"},{"@type":"WebPage","@id":"http:\/\/spbazanowice.com.pl\/?p=25251","url":"http:\/\/spbazanowice.com.pl\/?p=25251","name":"\u015awiadectwa historii \u2013 wspomnienia z czas\u00f3w wojny - Szko\u0142a Podstawowa im. Paw\u0142a Stalmacha w Ba\u017canowicach","isPartOf":{"@id":"http:\/\/spbazanowice.com.pl\/#website"},"primaryImageOfPage":{"@id":"http:\/\/spbazanowice.com.pl\/?p=25251#primaryimage"},"image":{"@id":"http:\/\/spbazanowice.com.pl\/?p=25251#primaryimage"},"thumbnailUrl":"http:\/\/spbazanowice.com.pl\/wp-content\/uploads\/2025\/10\/Swiadectwa-historii.png","datePublished":"2025-10-10T18:03:32+00:00","dateModified":"2025-10-12T09:33:16+00:00","breadcrumb":{"@id":"http:\/\/spbazanowice.com.pl\/?p=25251#breadcrumb"},"inLanguage":"pl-PL","potentialAction":[{"@type":"ReadAction","target":["http:\/\/spbazanowice.com.pl\/?p=25251"]}]},{"@type":"ImageObject","inLanguage":"pl-PL","@id":"http:\/\/spbazanowice.com.pl\/?p=25251#primaryimage","url":"http:\/\/spbazanowice.com.pl\/wp-content\/uploads\/2025\/10\/Swiadectwa-historii.png","contentUrl":"http:\/\/spbazanowice.com.pl\/wp-content\/uploads\/2025\/10\/Swiadectwa-historii.png","width":1920,"height":1080},{"@type":"BreadcrumbList","@id":"http:\/\/spbazanowice.com.pl\/?p=25251#breadcrumb","itemListElement":[{"@type":"ListItem","position":1,"name":"Strona g\u0142\u00f3wna","item":"http:\/\/spbazanowice.com.pl\/"},{"@type":"ListItem","position":2,"name":"\u015awiadectwa historii \u2013 wspomnienia z czas\u00f3w wojny"}]},{"@type":"WebSite","@id":"http:\/\/spbazanowice.com.pl\/#website","url":"http:\/\/spbazanowice.com.pl\/","name":"Szko\u0142a Podstawowa im. Paw\u0142a Stalmacha w Ba\u017canowicach","description":"","publisher":{"@id":"http:\/\/spbazanowice.com.pl\/#organization"},"potentialAction":[{"@type":"SearchAction","target":{"@type":"EntryPoint","urlTemplate":"http:\/\/spbazanowice.com.pl\/?s={search_term_string}"},"query-input":{"@type":"PropertyValueSpecification","valueRequired":true,"valueName":"search_term_string"}}],"inLanguage":"pl-PL"},{"@type":"Organization","@id":"http:\/\/spbazanowice.com.pl\/#organization","name":"Szko\u0142a Podstawowa im. Paw\u0142a Stalmacha w Ba\u017canowicach","url":"http:\/\/spbazanowice.com.pl\/","logo":{"@type":"ImageObject","inLanguage":"pl-PL","@id":"http:\/\/spbazanowice.com.pl\/#\/schema\/logo\/image\/","url":"http:\/\/spbazanowice.com.pl\/wp-content\/uploads\/2023\/03\/IMG-20211220-WA0000-1.jpg","contentUrl":"http:\/\/spbazanowice.com.pl\/wp-content\/uploads\/2023\/03\/IMG-20211220-WA0000-1.jpg","width":353,"height":396,"caption":"Szko\u0142a Podstawowa im. Paw\u0142a Stalmacha w Ba\u017canowicach"},"image":{"@id":"http:\/\/spbazanowice.com.pl\/#\/schema\/logo\/image\/"},"sameAs":["https:\/\/www.facebook.com\/people\/Szkoa-Podstawowa-im-Pawa-Stalmacha-w-Baanowicach\/100063560261577\/"]},{"@type":"Person","@id":"http:\/\/spbazanowice.com.pl\/#\/schema\/person\/33ef86d4a184dd9a737e21bfdcb04f7f","name":"Micha\u0142 D\u0105browski","image":{"@type":"ImageObject","inLanguage":"pl-PL","@id":"http:\/\/spbazanowice.com.pl\/#\/schema\/person\/image\/","url":"https:\/\/secure.gravatar.com\/avatar\/9ddb49673ee1f918288df843295001d4?s=96&d=mm&r=g","contentUrl":"https:\/\/secure.gravatar.com\/avatar\/9ddb49673ee1f918288df843295001d4?s=96&d=mm&r=g","caption":"Micha\u0142 D\u0105browski"},"url":"http:\/\/spbazanowice.com.pl\/?author=5"}]}},"_links":{"self":[{"href":"http:\/\/spbazanowice.com.pl\/index.php?rest_route=\/wp\/v2\/posts\/25251","targetHints":{"allow":["GET"]}}],"collection":[{"href":"http:\/\/spbazanowice.com.pl\/index.php?rest_route=\/wp\/v2\/posts"}],"about":[{"href":"http:\/\/spbazanowice.com.pl\/index.php?rest_route=\/wp\/v2\/types\/post"}],"author":[{"embeddable":true,"href":"http:\/\/spbazanowice.com.pl\/index.php?rest_route=\/wp\/v2\/users\/5"}],"replies":[{"embeddable":true,"href":"http:\/\/spbazanowice.com.pl\/index.php?rest_route=%2Fwp%2Fv2%2Fcomments&post=25251"}],"version-history":[{"count":2,"href":"http:\/\/spbazanowice.com.pl\/index.php?rest_route=\/wp\/v2\/posts\/25251\/revisions"}],"predecessor-version":[{"id":25330,"href":"http:\/\/spbazanowice.com.pl\/index.php?rest_route=\/wp\/v2\/posts\/25251\/revisions\/25330"}],"wp:featuredmedia":[{"embeddable":true,"href":"http:\/\/spbazanowice.com.pl\/index.php?rest_route=\/wp\/v2\/media\/25328"}],"wp:attachment":[{"href":"http:\/\/spbazanowice.com.pl\/index.php?rest_route=%2Fwp%2Fv2%2Fmedia&parent=25251"}],"wp:term":[{"taxonomy":"category","embeddable":true,"href":"http:\/\/spbazanowice.com.pl\/index.php?rest_route=%2Fwp%2Fv2%2Fcategories&post=25251"},{"taxonomy":"post_tag","embeddable":true,"href":"http:\/\/spbazanowice.com.pl\/index.php?rest_route=%2Fwp%2Fv2%2Ftags&post=25251"}],"curies":[{"name":"wp","href":"https:\/\/api.w.org\/{rel}","templated":true}]}}