{"id":23719,"date":"2025-04-02T15:28:28","date_gmt":"2025-04-02T13:28:28","guid":{"rendered":"https:\/\/spbazanowice.com.pl\/?p=23719"},"modified":"2025-04-02T15:28:29","modified_gmt":"2025-04-02T13:28:29","slug":"sukces-tomasza-osinskiego","status":"publish","type":"post","link":"http:\/\/spbazanowice.com.pl\/?p=23719","title":{"rendered":"Sukces Tomasza Osi\u0144skiego"},"content":{"rendered":"\n<p>27 marca w Miejskim Domu Kultury &#8222;Pra\u017cak\u00f3wka&#8221; w Ustroniu odby\u0142y si\u0119 przes\u0142uchania do I etapu IV Mi\u0119dzynarodowego Konkursu Wokalnego im. Stanis\u0142awa Jopka organizowanego przez zesp\u00f3\u0142 Mazowsze.<br>Nasz ucze\u0144, Tomasz Osi\u0144ski, zaprezentowa\u0142 dwa utwory: &#8222;Trudno&#8221; i &#8222;Furman&#8221;, kt\u00f3rymi zapewni\u0142 sobie awans do nast\u0119pnego etapu. O ogromnym sukcesie \u015bwiadczy sk\u0142ad jury, w kt\u00f3rym znale\u017ali si\u0119 wybitni eksperci i autorytety bran\u017cy&nbsp;muzycznej.<\/p>\n\n\n\n<p>Jak m\u00f3wi sam Tomek, najwi\u0119kszy wp\u0142yw na rozw\u00f3j talentu mia\u0142a mama, Weronika Osi\u0144ska, kt\u00f3ra rozwija\u0142a jego zdolno\u015bci ju\u017c od najm\u0142odszych lat. Obecnie ucze\u0144 doskonali sw\u00f3j talent muzyczny pod okiem trener\u00f3w \u015bpiewu. W swoim dorobku ma ju\u017c niezliczon\u0105 ilo\u015b\u0107 zwyci\u0119stw oraz laury i Grand Prix wielu konkurs\u00f3w.<br>Tomek od pierwszej klasy u\u015bwietnia ka\u017cd\u0105 uroczysto\u015b\u0107 szkoln\u0105 przy olbrzymim wsparciu Pani Dyrektor, kt\u00f3ra nie ukrywa, \u017ce \u015bpiew Tomka jest balsamem na jej serce.<\/p>\n\n\n\n<p><br>Tomku, serdecznie gratulujemy! Ju\u017c nie mo\u017cemy si\u0119 doczeka\u0107 gali fina\u0142owej, gdy zobaczymy Ci\u0119 na scenie z zespo\u0142em\u00a0Mazowsze.<\/p>\n\n\n\n<figure class=\"wp-block-image size-large\"><img fetchpriority=\"high\" decoding=\"async\" width=\"724\" height=\"1024\" src=\"https:\/\/spbazanowice.com.pl\/wp-content\/uploads\/2025\/04\/2-724x1024.png\" alt=\"\" class=\"wp-image-23721\" srcset=\"http:\/\/spbazanowice.com.pl\/wp-content\/uploads\/2025\/04\/2-724x1024.png 724w, http:\/\/spbazanowice.com.pl\/wp-content\/uploads\/2025\/04\/2-212x300.png 212w, http:\/\/spbazanowice.com.pl\/wp-content\/uploads\/2025\/04\/2-768x1086.png 768w, http:\/\/spbazanowice.com.pl\/wp-content\/uploads\/2025\/04\/2-1086x1536.png 1086w, http:\/\/spbazanowice.com.pl\/wp-content\/uploads\/2025\/04\/2.png 1414w\" sizes=\"(max-width: 724px) 100vw, 724px\" \/><\/figure>\n","protected":false},"excerpt":{"rendered":"<p>27 marca w Miejskim Domu Kultury &#8222;Pra\u017cak\u00f3wka&#8221; w Ustroniu odby\u0142y si\u0119 przes\u0142uchania do I etapu IV Mi\u0119dzynarodowego Konkursu Wokalnego im. Stanis\u0142awa Jopka organizowanego przez zesp\u00f3\u0142 Mazowsze.Nasz ucze\u0144, Tomasz Osi\u0144ski, zaprezentowa\u0142 dwa utwory: &#8222;Trudno&#8221; i &#8222;Furman&#8221;, kt\u00f3rymi zapewni\u0142 sobie awans do nast\u0119pnego etapu. O ogromnym sukcesie \u015bwiadczy sk\u0142ad jury, w kt\u00f3rym znale\u017ali si\u0119 wybitni eksperci i [&hellip;]<\/p>\n","protected":false},"author":5,"featured_media":23720,"comment_status":"closed","ping_status":"open","sticky":false,"template":"","format":"standard","meta":{"footnotes":""},"categories":[9],"tags":[],"class_list":["post-23719","post","type-post","status-publish","format-standard","has-post-thumbnail","hentry","category-aktualnosci"],"yoast_head":"<!-- This site is optimized with the Yoast SEO plugin v24.7 - https:\/\/yoast.com\/wordpress\/plugins\/seo\/ -->\n<title>Sukces Tomasza Osi\u0144skiego - Szko\u0142a Podstawowa im. Paw\u0142a Stalmacha w Ba\u017canowicach<\/title>\n<meta name=\"robots\" content=\"index, follow, max-snippet:-1, max-image-preview:large, max-video-preview:-1\" \/>\n<link rel=\"canonical\" href=\"http:\/\/spbazanowice.com.pl\/?p=23719\" \/>\n<meta property=\"og:locale\" content=\"pl_PL\" \/>\n<meta property=\"og:type\" content=\"article\" \/>\n<meta property=\"og:title\" content=\"Sukces Tomasza Osi\u0144skiego - Szko\u0142a Podstawowa im. Paw\u0142a Stalmacha w Ba\u017canowicach\" \/>\n<meta property=\"og:description\" content=\"27 marca w Miejskim Domu Kultury &#8222;Pra\u017cak\u00f3wka&#8221; w Ustroniu odby\u0142y si\u0119 przes\u0142uchania do I etapu IV Mi\u0119dzynarodowego Konkursu Wokalnego im. Stanis\u0142awa Jopka organizowanego przez zesp\u00f3\u0142 Mazowsze.Nasz ucze\u0144, Tomasz Osi\u0144ski, zaprezentowa\u0142 dwa utwory: &#8222;Trudno&#8221; i &#8222;Furman&#8221;, kt\u00f3rymi zapewni\u0142 sobie awans do nast\u0119pnego etapu. O ogromnym sukcesie \u015bwiadczy sk\u0142ad jury, w kt\u00f3rym znale\u017ali si\u0119 wybitni eksperci i [&hellip;]\" \/>\n<meta property=\"og:url\" content=\"http:\/\/spbazanowice.com.pl\/?p=23719\" \/>\n<meta property=\"og:site_name\" content=\"Szko\u0142a Podstawowa im. Paw\u0142a Stalmacha w Ba\u017canowicach\" \/>\n<meta property=\"article:publisher\" content=\"https:\/\/www.facebook.com\/people\/Szkoa-Podstawowa-im-Pawa-Stalmacha-w-Baanowicach\/100063560261577\/\" \/>\n<meta property=\"article:published_time\" content=\"2025-04-02T13:28:28+00:00\" \/>\n<meta property=\"article:modified_time\" content=\"2025-04-02T13:28:29+00:00\" \/>\n<meta property=\"og:image\" content=\"http:\/\/spbazanowice.com.pl\/wp-content\/uploads\/2025\/04\/1-724x1024.png\" \/>\n\t<meta property=\"og:image:width\" content=\"724\" \/>\n\t<meta property=\"og:image:height\" content=\"1024\" \/>\n\t<meta property=\"og:image:type\" content=\"image\/png\" \/>\n<meta name=\"author\" content=\"Micha\u0142 D\u0105browski\" \/>\n<meta name=\"twitter:card\" content=\"summary_large_image\" \/>\n<meta name=\"twitter:label1\" content=\"Napisane przez\" \/>\n\t<meta name=\"twitter:data1\" content=\"\" \/>\n\t<meta name=\"twitter:label2\" content=\"Szacowany czas czytania\" \/>\n\t<meta name=\"twitter:data2\" content=\"2 minuty\" \/>\n<script type=\"application\/ld+json\" class=\"yoast-schema-graph\">{\"@context\":\"https:\/\/schema.org\",\"@graph\":[{\"@type\":\"Article\",\"@id\":\"http:\/\/spbazanowice.com.pl\/?p=23719#article\",\"isPartOf\":{\"@id\":\"http:\/\/spbazanowice.com.pl\/?p=23719\"},\"author\":{\"name\":\"Micha\u0142 D\u0105browski\",\"@id\":\"http:\/\/spbazanowice.com.pl\/#\/schema\/person\/33ef86d4a184dd9a737e21bfdcb04f7f\"},\"headline\":\"Sukces Tomasza Osi\u0144skiego\",\"datePublished\":\"2025-04-02T13:28:28+00:00\",\"dateModified\":\"2025-04-02T13:28:29+00:00\",\"mainEntityOfPage\":{\"@id\":\"http:\/\/spbazanowice.com.pl\/?p=23719\"},\"wordCount\":184,\"publisher\":{\"@id\":\"http:\/\/spbazanowice.com.pl\/#organization\"},\"image\":{\"@id\":\"http:\/\/spbazanowice.com.pl\/?p=23719#primaryimage\"},\"thumbnailUrl\":\"http:\/\/spbazanowice.com.pl\/wp-content\/uploads\/2025\/04\/1.png\",\"articleSection\":[\"Aktualno\u015bci\"],\"inLanguage\":\"pl-PL\"},{\"@type\":\"WebPage\",\"@id\":\"http:\/\/spbazanowice.com.pl\/?p=23719\",\"url\":\"http:\/\/spbazanowice.com.pl\/?p=23719\",\"name\":\"Sukces Tomasza Osi\u0144skiego - Szko\u0142a Podstawowa im. Paw\u0142a Stalmacha w Ba\u017canowicach\",\"isPartOf\":{\"@id\":\"http:\/\/spbazanowice.com.pl\/#website\"},\"primaryImageOfPage\":{\"@id\":\"http:\/\/spbazanowice.com.pl\/?p=23719#primaryimage\"},\"image\":{\"@id\":\"http:\/\/spbazanowice.com.pl\/?p=23719#primaryimage\"},\"thumbnailUrl\":\"http:\/\/spbazanowice.com.pl\/wp-content\/uploads\/2025\/04\/1.png\",\"datePublished\":\"2025-04-02T13:28:28+00:00\",\"dateModified\":\"2025-04-02T13:28:29+00:00\",\"breadcrumb\":{\"@id\":\"http:\/\/spbazanowice.com.pl\/?p=23719#breadcrumb\"},\"inLanguage\":\"pl-PL\",\"potentialAction\":[{\"@type\":\"ReadAction\",\"target\":[\"http:\/\/spbazanowice.com.pl\/?p=23719\"]}]},{\"@type\":\"ImageObject\",\"inLanguage\":\"pl-PL\",\"@id\":\"http:\/\/spbazanowice.com.pl\/?p=23719#primaryimage\",\"url\":\"http:\/\/spbazanowice.com.pl\/wp-content\/uploads\/2025\/04\/1.png\",\"contentUrl\":\"http:\/\/spbazanowice.com.pl\/wp-content\/uploads\/2025\/04\/1.png\",\"width\":1414,\"height\":2000},{\"@type\":\"BreadcrumbList\",\"@id\":\"http:\/\/spbazanowice.com.pl\/?p=23719#breadcrumb\",\"itemListElement\":[{\"@type\":\"ListItem\",\"position\":1,\"name\":\"Strona g\u0142\u00f3wna\",\"item\":\"http:\/\/spbazanowice.com.pl\/\"},{\"@type\":\"ListItem\",\"position\":2,\"name\":\"Sukces Tomasza Osi\u0144skiego\"}]},{\"@type\":\"WebSite\",\"@id\":\"http:\/\/spbazanowice.com.pl\/#website\",\"url\":\"http:\/\/spbazanowice.com.pl\/\",\"name\":\"Szko\u0142a Podstawowa im. Paw\u0142a Stalmacha w Ba\u017canowicach\",\"description\":\"\",\"publisher\":{\"@id\":\"http:\/\/spbazanowice.com.pl\/#organization\"},\"potentialAction\":[{\"@type\":\"SearchAction\",\"target\":{\"@type\":\"EntryPoint\",\"urlTemplate\":\"http:\/\/spbazanowice.com.pl\/?s={search_term_string}\"},\"query-input\":{\"@type\":\"PropertyValueSpecification\",\"valueRequired\":true,\"valueName\":\"search_term_string\"}}],\"inLanguage\":\"pl-PL\"},{\"@type\":\"Organization\",\"@id\":\"http:\/\/spbazanowice.com.pl\/#organization\",\"name\":\"Szko\u0142a Podstawowa im. Paw\u0142a Stalmacha w Ba\u017canowicach\",\"url\":\"http:\/\/spbazanowice.com.pl\/\",\"logo\":{\"@type\":\"ImageObject\",\"inLanguage\":\"pl-PL\",\"@id\":\"http:\/\/spbazanowice.com.pl\/#\/schema\/logo\/image\/\",\"url\":\"http:\/\/spbazanowice.com.pl\/wp-content\/uploads\/2023\/03\/IMG-20211220-WA0000-1.jpg\",\"contentUrl\":\"http:\/\/spbazanowice.com.pl\/wp-content\/uploads\/2023\/03\/IMG-20211220-WA0000-1.jpg\",\"width\":353,\"height\":396,\"caption\":\"Szko\u0142a Podstawowa im. Paw\u0142a Stalmacha w Ba\u017canowicach\"},\"image\":{\"@id\":\"http:\/\/spbazanowice.com.pl\/#\/schema\/logo\/image\/\"},\"sameAs\":[\"https:\/\/www.facebook.com\/people\/Szkoa-Podstawowa-im-Pawa-Stalmacha-w-Baanowicach\/100063560261577\/\"]},{\"@type\":\"Person\",\"@id\":\"http:\/\/spbazanowice.com.pl\/#\/schema\/person\/33ef86d4a184dd9a737e21bfdcb04f7f\",\"name\":\"Micha\u0142 D\u0105browski\",\"image\":{\"@type\":\"ImageObject\",\"inLanguage\":\"pl-PL\",\"@id\":\"http:\/\/spbazanowice.com.pl\/#\/schema\/person\/image\/\",\"url\":\"https:\/\/secure.gravatar.com\/avatar\/9ddb49673ee1f918288df843295001d4?s=96&d=mm&r=g\",\"contentUrl\":\"https:\/\/secure.gravatar.com\/avatar\/9ddb49673ee1f918288df843295001d4?s=96&d=mm&r=g\",\"caption\":\"Micha\u0142 D\u0105browski\"},\"url\":\"http:\/\/spbazanowice.com.pl\/?author=5\"}]}<\/script>\n<!-- \/ Yoast SEO plugin. -->","yoast_head_json":{"title":"Sukces Tomasza Osi\u0144skiego - Szko\u0142a Podstawowa im. Paw\u0142a Stalmacha w Ba\u017canowicach","robots":{"index":"index","follow":"follow","max-snippet":"max-snippet:-1","max-image-preview":"max-image-preview:large","max-video-preview":"max-video-preview:-1"},"canonical":"http:\/\/spbazanowice.com.pl\/?p=23719","og_locale":"pl_PL","og_type":"article","og_title":"Sukces Tomasza Osi\u0144skiego - Szko\u0142a Podstawowa im. Paw\u0142a Stalmacha w Ba\u017canowicach","og_description":"27 marca w Miejskim Domu Kultury &#8222;Pra\u017cak\u00f3wka&#8221; w Ustroniu odby\u0142y si\u0119 przes\u0142uchania do I etapu IV Mi\u0119dzynarodowego Konkursu Wokalnego im. Stanis\u0142awa Jopka organizowanego przez zesp\u00f3\u0142 Mazowsze.Nasz ucze\u0144, Tomasz Osi\u0144ski, zaprezentowa\u0142 dwa utwory: &#8222;Trudno&#8221; i &#8222;Furman&#8221;, kt\u00f3rymi zapewni\u0142 sobie awans do nast\u0119pnego etapu. O ogromnym sukcesie \u015bwiadczy sk\u0142ad jury, w kt\u00f3rym znale\u017ali si\u0119 wybitni eksperci i [&hellip;]","og_url":"http:\/\/spbazanowice.com.pl\/?p=23719","og_site_name":"Szko\u0142a Podstawowa im. Paw\u0142a Stalmacha w Ba\u017canowicach","article_publisher":"https:\/\/www.facebook.com\/people\/Szkoa-Podstawowa-im-Pawa-Stalmacha-w-Baanowicach\/100063560261577\/","article_published_time":"2025-04-02T13:28:28+00:00","article_modified_time":"2025-04-02T13:28:29+00:00","og_image":[{"width":724,"height":1024,"url":"http:\/\/spbazanowice.com.pl\/wp-content\/uploads\/2025\/04\/1-724x1024.png","type":"image\/png"}],"author":"Micha\u0142 D\u0105browski","twitter_card":"summary_large_image","twitter_misc":{"Napisane przez":false,"Szacowany czas czytania":"2 minuty"},"schema":{"@context":"https:\/\/schema.org","@graph":[{"@type":"Article","@id":"http:\/\/spbazanowice.com.pl\/?p=23719#article","isPartOf":{"@id":"http:\/\/spbazanowice.com.pl\/?p=23719"},"author":{"name":"Micha\u0142 D\u0105browski","@id":"http:\/\/spbazanowice.com.pl\/#\/schema\/person\/33ef86d4a184dd9a737e21bfdcb04f7f"},"headline":"Sukces Tomasza Osi\u0144skiego","datePublished":"2025-04-02T13:28:28+00:00","dateModified":"2025-04-02T13:28:29+00:00","mainEntityOfPage":{"@id":"http:\/\/spbazanowice.com.pl\/?p=23719"},"wordCount":184,"publisher":{"@id":"http:\/\/spbazanowice.com.pl\/#organization"},"image":{"@id":"http:\/\/spbazanowice.com.pl\/?p=23719#primaryimage"},"thumbnailUrl":"http:\/\/spbazanowice.com.pl\/wp-content\/uploads\/2025\/04\/1.png","articleSection":["Aktualno\u015bci"],"inLanguage":"pl-PL"},{"@type":"WebPage","@id":"http:\/\/spbazanowice.com.pl\/?p=23719","url":"http:\/\/spbazanowice.com.pl\/?p=23719","name":"Sukces Tomasza Osi\u0144skiego - Szko\u0142a Podstawowa im. Paw\u0142a Stalmacha w Ba\u017canowicach","isPartOf":{"@id":"http:\/\/spbazanowice.com.pl\/#website"},"primaryImageOfPage":{"@id":"http:\/\/spbazanowice.com.pl\/?p=23719#primaryimage"},"image":{"@id":"http:\/\/spbazanowice.com.pl\/?p=23719#primaryimage"},"thumbnailUrl":"http:\/\/spbazanowice.com.pl\/wp-content\/uploads\/2025\/04\/1.png","datePublished":"2025-04-02T13:28:28+00:00","dateModified":"2025-04-02T13:28:29+00:00","breadcrumb":{"@id":"http:\/\/spbazanowice.com.pl\/?p=23719#breadcrumb"},"inLanguage":"pl-PL","potentialAction":[{"@type":"ReadAction","target":["http:\/\/spbazanowice.com.pl\/?p=23719"]}]},{"@type":"ImageObject","inLanguage":"pl-PL","@id":"http:\/\/spbazanowice.com.pl\/?p=23719#primaryimage","url":"http:\/\/spbazanowice.com.pl\/wp-content\/uploads\/2025\/04\/1.png","contentUrl":"http:\/\/spbazanowice.com.pl\/wp-content\/uploads\/2025\/04\/1.png","width":1414,"height":2000},{"@type":"BreadcrumbList","@id":"http:\/\/spbazanowice.com.pl\/?p=23719#breadcrumb","itemListElement":[{"@type":"ListItem","position":1,"name":"Strona g\u0142\u00f3wna","item":"http:\/\/spbazanowice.com.pl\/"},{"@type":"ListItem","position":2,"name":"Sukces Tomasza Osi\u0144skiego"}]},{"@type":"WebSite","@id":"http:\/\/spbazanowice.com.pl\/#website","url":"http:\/\/spbazanowice.com.pl\/","name":"Szko\u0142a Podstawowa im. Paw\u0142a Stalmacha w Ba\u017canowicach","description":"","publisher":{"@id":"http:\/\/spbazanowice.com.pl\/#organization"},"potentialAction":[{"@type":"SearchAction","target":{"@type":"EntryPoint","urlTemplate":"http:\/\/spbazanowice.com.pl\/?s={search_term_string}"},"query-input":{"@type":"PropertyValueSpecification","valueRequired":true,"valueName":"search_term_string"}}],"inLanguage":"pl-PL"},{"@type":"Organization","@id":"http:\/\/spbazanowice.com.pl\/#organization","name":"Szko\u0142a Podstawowa im. Paw\u0142a Stalmacha w Ba\u017canowicach","url":"http:\/\/spbazanowice.com.pl\/","logo":{"@type":"ImageObject","inLanguage":"pl-PL","@id":"http:\/\/spbazanowice.com.pl\/#\/schema\/logo\/image\/","url":"http:\/\/spbazanowice.com.pl\/wp-content\/uploads\/2023\/03\/IMG-20211220-WA0000-1.jpg","contentUrl":"http:\/\/spbazanowice.com.pl\/wp-content\/uploads\/2023\/03\/IMG-20211220-WA0000-1.jpg","width":353,"height":396,"caption":"Szko\u0142a Podstawowa im. Paw\u0142a Stalmacha w Ba\u017canowicach"},"image":{"@id":"http:\/\/spbazanowice.com.pl\/#\/schema\/logo\/image\/"},"sameAs":["https:\/\/www.facebook.com\/people\/Szkoa-Podstawowa-im-Pawa-Stalmacha-w-Baanowicach\/100063560261577\/"]},{"@type":"Person","@id":"http:\/\/spbazanowice.com.pl\/#\/schema\/person\/33ef86d4a184dd9a737e21bfdcb04f7f","name":"Micha\u0142 D\u0105browski","image":{"@type":"ImageObject","inLanguage":"pl-PL","@id":"http:\/\/spbazanowice.com.pl\/#\/schema\/person\/image\/","url":"https:\/\/secure.gravatar.com\/avatar\/9ddb49673ee1f918288df843295001d4?s=96&d=mm&r=g","contentUrl":"https:\/\/secure.gravatar.com\/avatar\/9ddb49673ee1f918288df843295001d4?s=96&d=mm&r=g","caption":"Micha\u0142 D\u0105browski"},"url":"http:\/\/spbazanowice.com.pl\/?author=5"}]}},"_links":{"self":[{"href":"http:\/\/spbazanowice.com.pl\/index.php?rest_route=\/wp\/v2\/posts\/23719","targetHints":{"allow":["GET"]}}],"collection":[{"href":"http:\/\/spbazanowice.com.pl\/index.php?rest_route=\/wp\/v2\/posts"}],"about":[{"href":"http:\/\/spbazanowice.com.pl\/index.php?rest_route=\/wp\/v2\/types\/post"}],"author":[{"embeddable":true,"href":"http:\/\/spbazanowice.com.pl\/index.php?rest_route=\/wp\/v2\/users\/5"}],"replies":[{"embeddable":true,"href":"http:\/\/spbazanowice.com.pl\/index.php?rest_route=%2Fwp%2Fv2%2Fcomments&post=23719"}],"version-history":[{"count":1,"href":"http:\/\/spbazanowice.com.pl\/index.php?rest_route=\/wp\/v2\/posts\/23719\/revisions"}],"predecessor-version":[{"id":23722,"href":"http:\/\/spbazanowice.com.pl\/index.php?rest_route=\/wp\/v2\/posts\/23719\/revisions\/23722"}],"wp:featuredmedia":[{"embeddable":true,"href":"http:\/\/spbazanowice.com.pl\/index.php?rest_route=\/wp\/v2\/media\/23720"}],"wp:attachment":[{"href":"http:\/\/spbazanowice.com.pl\/index.php?rest_route=%2Fwp%2Fv2%2Fmedia&parent=23719"}],"wp:term":[{"taxonomy":"category","embeddable":true,"href":"http:\/\/spbazanowice.com.pl\/index.php?rest_route=%2Fwp%2Fv2%2Fcategories&post=23719"},{"taxonomy":"post_tag","embeddable":true,"href":"http:\/\/spbazanowice.com.pl\/index.php?rest_route=%2Fwp%2Fv2%2Ftags&post=23719"}],"curies":[{"name":"wp","href":"https:\/\/api.w.org\/{rel}","templated":true}]}}