{"id":21373,"date":"2024-10-09T13:40:23","date_gmt":"2024-10-09T11:40:23","guid":{"rendered":"http:\/\/spbazanowice.com.pl\/?p=21373"},"modified":"2024-10-09T14:02:39","modified_gmt":"2024-10-09T12:02:39","slug":"nie-dla-czadu","status":"publish","type":"post","link":"http:\/\/spbazanowice.com.pl\/?p=21373","title":{"rendered":"NIE dla czadu!"},"content":{"rendered":"\n<p>Pora jesienno-zimowa rozpoczyna sezon grzewczy w naszych domostwach. To czas kiedy nale\u017cy przypomina\u0107 o niebezpiecze\u0144stwie jakie za sob\u0105 niesie tlenek w\u0119gla, czyli czad.<br>Pa\u0144stwowa Stra\u017c Po\u017carna co roku przypomina nam o akcji &#8222;Czujka na stra\u017cy Twojego bezpiecze\u0144stwa&#8221; dlatego i my postanowili\u015bmy przypomnie\u0107 ten wa\u017cny temat.<\/p>\n\n\n\n<p><br>Na zaj\u0119ciach kreatywnych EKO-DZIECIAKI, prowadz\u0105ca pani Renata Chamera-W\u00f3jcik, przy wsp\u00f3\u0142udziale nauczyciela edukacji dla bezpiecze\u0144stwa &#8211; Pani Kasi Karskiej, wprowadzi\u0142a uczni\u00f3w klasy czwartej w ten nie\u0142atwy temat. Rozmawiali\u015bmy o tym, co to w og\u00f3le jest ten czad, sk\u0105d si\u0119 bierze, kiedy si\u0119 pojawia, dlaczego nazywany jest &#8222;cichym zab\u00f3jc\u0105&#8221;.<br>Dzieci nauczy\u0142y si\u0119, \u017ce nie nale\u017cy zas\u0142ania\u0107 kratek wentylacyjnych, przypomnieli\u015bmy sobie numery alarmowe, obejrzeli\u015bmy filmy edukacyjne i wykonali\u015bmy karty pracy. Dzieciaki zadeklarowa\u0142y, \u017ce sprawdz\u0105 czy w ich domach zainstalowane s\u0105 czujki informuj\u0105ce o podwy\u017cszonych st\u0119\u017ceniach tlenku w\u0119gla.<\/p>\n\n\n\n<p><br>\u015awietna lekcja i bardzo&nbsp;potrzebna.<\/p>\n\n\n\n<figure class=\"wp-block-gallery has-nested-images columns-1 is-cropped wp-block-gallery-1 is-layout-flex wp-block-gallery-is-layout-flex\">\n<figure class=\"wp-block-image size-large\"><img fetchpriority=\"high\" decoding=\"async\" width=\"1024\" height=\"1024\" data-id=\"21387\" src=\"http:\/\/spbazanowice.com.pl\/wp-content\/uploads\/2024\/10\/2-6-1024x1024.png\" alt=\"\" class=\"wp-image-21387\" srcset=\"http:\/\/spbazanowice.com.pl\/wp-content\/uploads\/2024\/10\/2-6-1024x1024.png 1024w, http:\/\/spbazanowice.com.pl\/wp-content\/uploads\/2024\/10\/2-6-300x300.png 300w, http:\/\/spbazanowice.com.pl\/wp-content\/uploads\/2024\/10\/2-6-150x150.png 150w, http:\/\/spbazanowice.com.pl\/wp-content\/uploads\/2024\/10\/2-6-768x768.png 768w, http:\/\/spbazanowice.com.pl\/wp-content\/uploads\/2024\/10\/2-6-144x144.png 144w, http:\/\/spbazanowice.com.pl\/wp-content\/uploads\/2024\/10\/2-6.png 1400w\" sizes=\"(max-width: 1024px) 100vw, 1024px\" \/><\/figure>\n\n\n\n<figure class=\"wp-block-image size-large\"><img decoding=\"async\" width=\"1024\" height=\"1024\" data-id=\"21388\" src=\"http:\/\/spbazanowice.com.pl\/wp-content\/uploads\/2024\/10\/3-7-1024x1024.png\" alt=\"\" class=\"wp-image-21388\" srcset=\"http:\/\/spbazanowice.com.pl\/wp-content\/uploads\/2024\/10\/3-7-1024x1024.png 1024w, http:\/\/spbazanowice.com.pl\/wp-content\/uploads\/2024\/10\/3-7-300x300.png 300w, http:\/\/spbazanowice.com.pl\/wp-content\/uploads\/2024\/10\/3-7-150x150.png 150w, http:\/\/spbazanowice.com.pl\/wp-content\/uploads\/2024\/10\/3-7-768x768.png 768w, http:\/\/spbazanowice.com.pl\/wp-content\/uploads\/2024\/10\/3-7-144x144.png 144w, http:\/\/spbazanowice.com.pl\/wp-content\/uploads\/2024\/10\/3-7.png 1400w\" sizes=\"(max-width: 1024px) 100vw, 1024px\" \/><\/figure>\n<\/figure>\n","protected":false},"excerpt":{"rendered":"<p>Pora jesienno-zimowa rozpoczyna sezon grzewczy w naszych domostwach. To czas kiedy nale\u017cy przypomina\u0107 o niebezpiecze\u0144stwie jakie za sob\u0105 niesie tlenek w\u0119gla, czyli czad.Pa\u0144stwowa Stra\u017c Po\u017carna co roku przypomina nam o akcji &#8222;Czujka na stra\u017cy Twojego bezpiecze\u0144stwa&#8221; dlatego i my postanowili\u015bmy przypomnie\u0107 ten wa\u017cny temat. Na zaj\u0119ciach kreatywnych EKO-DZIECIAKI, prowadz\u0105ca pani Renata Chamera-W\u00f3jcik, przy wsp\u00f3\u0142udziale nauczyciela [&hellip;]<\/p>\n","protected":false},"author":5,"featured_media":21386,"comment_status":"closed","ping_status":"open","sticky":false,"template":"","format":"standard","meta":{"footnotes":""},"categories":[9],"tags":[],"class_list":["post-21373","post","type-post","status-publish","format-standard","has-post-thumbnail","hentry","category-aktualnosci"],"yoast_head":"<!-- This site is optimized with the Yoast SEO plugin v24.7 - https:\/\/yoast.com\/wordpress\/plugins\/seo\/ -->\n<title>NIE dla czadu! - Szko\u0142a Podstawowa im. Paw\u0142a Stalmacha w Ba\u017canowicach<\/title>\n<meta name=\"robots\" content=\"index, follow, max-snippet:-1, max-image-preview:large, max-video-preview:-1\" \/>\n<link rel=\"canonical\" href=\"http:\/\/spbazanowice.com.pl\/?p=21373\" \/>\n<meta property=\"og:locale\" content=\"pl_PL\" \/>\n<meta property=\"og:type\" content=\"article\" \/>\n<meta property=\"og:title\" content=\"NIE dla czadu! - Szko\u0142a Podstawowa im. Paw\u0142a Stalmacha w Ba\u017canowicach\" \/>\n<meta property=\"og:description\" content=\"Pora jesienno-zimowa rozpoczyna sezon grzewczy w naszych domostwach. To czas kiedy nale\u017cy przypomina\u0107 o niebezpiecze\u0144stwie jakie za sob\u0105 niesie tlenek w\u0119gla, czyli czad.Pa\u0144stwowa Stra\u017c Po\u017carna co roku przypomina nam o akcji &#8222;Czujka na stra\u017cy Twojego bezpiecze\u0144stwa&#8221; dlatego i my postanowili\u015bmy przypomnie\u0107 ten wa\u017cny temat. Na zaj\u0119ciach kreatywnych EKO-DZIECIAKI, prowadz\u0105ca pani Renata Chamera-W\u00f3jcik, przy wsp\u00f3\u0142udziale nauczyciela [&hellip;]\" \/>\n<meta property=\"og:url\" content=\"http:\/\/spbazanowice.com.pl\/?p=21373\" \/>\n<meta property=\"og:site_name\" content=\"Szko\u0142a Podstawowa im. Paw\u0142a Stalmacha w Ba\u017canowicach\" \/>\n<meta property=\"article:publisher\" content=\"https:\/\/www.facebook.com\/people\/Szkoa-Podstawowa-im-Pawa-Stalmacha-w-Baanowicach\/100063560261577\/\" \/>\n<meta property=\"article:published_time\" content=\"2024-10-09T11:40:23+00:00\" \/>\n<meta property=\"article:modified_time\" content=\"2024-10-09T12:02:39+00:00\" \/>\n<meta property=\"og:image\" content=\"http:\/\/spbazanowice.com.pl\/wp-content\/uploads\/2024\/10\/1-6-1024x1024.png\" \/>\n\t<meta property=\"og:image:width\" content=\"1024\" \/>\n\t<meta property=\"og:image:height\" content=\"1024\" \/>\n\t<meta property=\"og:image:type\" content=\"image\/png\" \/>\n<meta name=\"author\" content=\"Micha\u0142 D\u0105browski\" \/>\n<meta name=\"twitter:card\" content=\"summary_large_image\" \/>\n<meta name=\"twitter:label1\" content=\"Napisane przez\" \/>\n\t<meta name=\"twitter:data1\" content=\"\" \/>\n\t<meta name=\"twitter:label2\" content=\"Szacowany czas czytania\" \/>\n\t<meta name=\"twitter:data2\" content=\"2 minuty\" \/>\n<script type=\"application\/ld+json\" class=\"yoast-schema-graph\">{\"@context\":\"https:\/\/schema.org\",\"@graph\":[{\"@type\":\"Article\",\"@id\":\"http:\/\/spbazanowice.com.pl\/?p=21373#article\",\"isPartOf\":{\"@id\":\"http:\/\/spbazanowice.com.pl\/?p=21373\"},\"author\":{\"name\":\"Micha\u0142 D\u0105browski\",\"@id\":\"http:\/\/spbazanowice.com.pl\/#\/schema\/person\/33ef86d4a184dd9a737e21bfdcb04f7f\"},\"headline\":\"NIE dla czadu!\",\"datePublished\":\"2024-10-09T11:40:23+00:00\",\"dateModified\":\"2024-10-09T12:02:39+00:00\",\"mainEntityOfPage\":{\"@id\":\"http:\/\/spbazanowice.com.pl\/?p=21373\"},\"wordCount\":170,\"publisher\":{\"@id\":\"http:\/\/spbazanowice.com.pl\/#organization\"},\"image\":{\"@id\":\"http:\/\/spbazanowice.com.pl\/?p=21373#primaryimage\"},\"thumbnailUrl\":\"http:\/\/spbazanowice.com.pl\/wp-content\/uploads\/2024\/10\/1-6.png\",\"articleSection\":[\"Aktualno\u015bci\"],\"inLanguage\":\"pl-PL\"},{\"@type\":\"WebPage\",\"@id\":\"http:\/\/spbazanowice.com.pl\/?p=21373\",\"url\":\"http:\/\/spbazanowice.com.pl\/?p=21373\",\"name\":\"NIE dla czadu! - Szko\u0142a Podstawowa im. Paw\u0142a Stalmacha w Ba\u017canowicach\",\"isPartOf\":{\"@id\":\"http:\/\/spbazanowice.com.pl\/#website\"},\"primaryImageOfPage\":{\"@id\":\"http:\/\/spbazanowice.com.pl\/?p=21373#primaryimage\"},\"image\":{\"@id\":\"http:\/\/spbazanowice.com.pl\/?p=21373#primaryimage\"},\"thumbnailUrl\":\"http:\/\/spbazanowice.com.pl\/wp-content\/uploads\/2024\/10\/1-6.png\",\"datePublished\":\"2024-10-09T11:40:23+00:00\",\"dateModified\":\"2024-10-09T12:02:39+00:00\",\"breadcrumb\":{\"@id\":\"http:\/\/spbazanowice.com.pl\/?p=21373#breadcrumb\"},\"inLanguage\":\"pl-PL\",\"potentialAction\":[{\"@type\":\"ReadAction\",\"target\":[\"http:\/\/spbazanowice.com.pl\/?p=21373\"]}]},{\"@type\":\"ImageObject\",\"inLanguage\":\"pl-PL\",\"@id\":\"http:\/\/spbazanowice.com.pl\/?p=21373#primaryimage\",\"url\":\"http:\/\/spbazanowice.com.pl\/wp-content\/uploads\/2024\/10\/1-6.png\",\"contentUrl\":\"http:\/\/spbazanowice.com.pl\/wp-content\/uploads\/2024\/10\/1-6.png\",\"width\":1400,\"height\":1400},{\"@type\":\"BreadcrumbList\",\"@id\":\"http:\/\/spbazanowice.com.pl\/?p=21373#breadcrumb\",\"itemListElement\":[{\"@type\":\"ListItem\",\"position\":1,\"name\":\"Strona g\u0142\u00f3wna\",\"item\":\"http:\/\/spbazanowice.com.pl\/\"},{\"@type\":\"ListItem\",\"position\":2,\"name\":\"NIE dla czadu!\"}]},{\"@type\":\"WebSite\",\"@id\":\"http:\/\/spbazanowice.com.pl\/#website\",\"url\":\"http:\/\/spbazanowice.com.pl\/\",\"name\":\"Szko\u0142a Podstawowa im. Paw\u0142a Stalmacha w Ba\u017canowicach\",\"description\":\"\",\"publisher\":{\"@id\":\"http:\/\/spbazanowice.com.pl\/#organization\"},\"potentialAction\":[{\"@type\":\"SearchAction\",\"target\":{\"@type\":\"EntryPoint\",\"urlTemplate\":\"http:\/\/spbazanowice.com.pl\/?s={search_term_string}\"},\"query-input\":{\"@type\":\"PropertyValueSpecification\",\"valueRequired\":true,\"valueName\":\"search_term_string\"}}],\"inLanguage\":\"pl-PL\"},{\"@type\":\"Organization\",\"@id\":\"http:\/\/spbazanowice.com.pl\/#organization\",\"name\":\"Szko\u0142a Podstawowa im. Paw\u0142a Stalmacha w Ba\u017canowicach\",\"url\":\"http:\/\/spbazanowice.com.pl\/\",\"logo\":{\"@type\":\"ImageObject\",\"inLanguage\":\"pl-PL\",\"@id\":\"http:\/\/spbazanowice.com.pl\/#\/schema\/logo\/image\/\",\"url\":\"http:\/\/spbazanowice.com.pl\/wp-content\/uploads\/2023\/03\/IMG-20211220-WA0000-1.jpg\",\"contentUrl\":\"http:\/\/spbazanowice.com.pl\/wp-content\/uploads\/2023\/03\/IMG-20211220-WA0000-1.jpg\",\"width\":353,\"height\":396,\"caption\":\"Szko\u0142a Podstawowa im. Paw\u0142a Stalmacha w Ba\u017canowicach\"},\"image\":{\"@id\":\"http:\/\/spbazanowice.com.pl\/#\/schema\/logo\/image\/\"},\"sameAs\":[\"https:\/\/www.facebook.com\/people\/Szkoa-Podstawowa-im-Pawa-Stalmacha-w-Baanowicach\/100063560261577\/\"]},{\"@type\":\"Person\",\"@id\":\"http:\/\/spbazanowice.com.pl\/#\/schema\/person\/33ef86d4a184dd9a737e21bfdcb04f7f\",\"name\":\"Micha\u0142 D\u0105browski\",\"image\":{\"@type\":\"ImageObject\",\"inLanguage\":\"pl-PL\",\"@id\":\"http:\/\/spbazanowice.com.pl\/#\/schema\/person\/image\/\",\"url\":\"https:\/\/secure.gravatar.com\/avatar\/9ddb49673ee1f918288df843295001d4?s=96&d=mm&r=g\",\"contentUrl\":\"https:\/\/secure.gravatar.com\/avatar\/9ddb49673ee1f918288df843295001d4?s=96&d=mm&r=g\",\"caption\":\"Micha\u0142 D\u0105browski\"},\"url\":\"http:\/\/spbazanowice.com.pl\/?author=5\"}]}<\/script>\n<!-- \/ Yoast SEO plugin. -->","yoast_head_json":{"title":"NIE dla czadu! - Szko\u0142a Podstawowa im. Paw\u0142a Stalmacha w Ba\u017canowicach","robots":{"index":"index","follow":"follow","max-snippet":"max-snippet:-1","max-image-preview":"max-image-preview:large","max-video-preview":"max-video-preview:-1"},"canonical":"http:\/\/spbazanowice.com.pl\/?p=21373","og_locale":"pl_PL","og_type":"article","og_title":"NIE dla czadu! - Szko\u0142a Podstawowa im. Paw\u0142a Stalmacha w Ba\u017canowicach","og_description":"Pora jesienno-zimowa rozpoczyna sezon grzewczy w naszych domostwach. To czas kiedy nale\u017cy przypomina\u0107 o niebezpiecze\u0144stwie jakie za sob\u0105 niesie tlenek w\u0119gla, czyli czad.Pa\u0144stwowa Stra\u017c Po\u017carna co roku przypomina nam o akcji &#8222;Czujka na stra\u017cy Twojego bezpiecze\u0144stwa&#8221; dlatego i my postanowili\u015bmy przypomnie\u0107 ten wa\u017cny temat. Na zaj\u0119ciach kreatywnych EKO-DZIECIAKI, prowadz\u0105ca pani Renata Chamera-W\u00f3jcik, przy wsp\u00f3\u0142udziale nauczyciela [&hellip;]","og_url":"http:\/\/spbazanowice.com.pl\/?p=21373","og_site_name":"Szko\u0142a Podstawowa im. Paw\u0142a Stalmacha w Ba\u017canowicach","article_publisher":"https:\/\/www.facebook.com\/people\/Szkoa-Podstawowa-im-Pawa-Stalmacha-w-Baanowicach\/100063560261577\/","article_published_time":"2024-10-09T11:40:23+00:00","article_modified_time":"2024-10-09T12:02:39+00:00","og_image":[{"width":1024,"height":1024,"url":"http:\/\/spbazanowice.com.pl\/wp-content\/uploads\/2024\/10\/1-6-1024x1024.png","type":"image\/png"}],"author":"Micha\u0142 D\u0105browski","twitter_card":"summary_large_image","twitter_misc":{"Napisane przez":false,"Szacowany czas czytania":"2 minuty"},"schema":{"@context":"https:\/\/schema.org","@graph":[{"@type":"Article","@id":"http:\/\/spbazanowice.com.pl\/?p=21373#article","isPartOf":{"@id":"http:\/\/spbazanowice.com.pl\/?p=21373"},"author":{"name":"Micha\u0142 D\u0105browski","@id":"http:\/\/spbazanowice.com.pl\/#\/schema\/person\/33ef86d4a184dd9a737e21bfdcb04f7f"},"headline":"NIE dla czadu!","datePublished":"2024-10-09T11:40:23+00:00","dateModified":"2024-10-09T12:02:39+00:00","mainEntityOfPage":{"@id":"http:\/\/spbazanowice.com.pl\/?p=21373"},"wordCount":170,"publisher":{"@id":"http:\/\/spbazanowice.com.pl\/#organization"},"image":{"@id":"http:\/\/spbazanowice.com.pl\/?p=21373#primaryimage"},"thumbnailUrl":"http:\/\/spbazanowice.com.pl\/wp-content\/uploads\/2024\/10\/1-6.png","articleSection":["Aktualno\u015bci"],"inLanguage":"pl-PL"},{"@type":"WebPage","@id":"http:\/\/spbazanowice.com.pl\/?p=21373","url":"http:\/\/spbazanowice.com.pl\/?p=21373","name":"NIE dla czadu! - Szko\u0142a Podstawowa im. Paw\u0142a Stalmacha w Ba\u017canowicach","isPartOf":{"@id":"http:\/\/spbazanowice.com.pl\/#website"},"primaryImageOfPage":{"@id":"http:\/\/spbazanowice.com.pl\/?p=21373#primaryimage"},"image":{"@id":"http:\/\/spbazanowice.com.pl\/?p=21373#primaryimage"},"thumbnailUrl":"http:\/\/spbazanowice.com.pl\/wp-content\/uploads\/2024\/10\/1-6.png","datePublished":"2024-10-09T11:40:23+00:00","dateModified":"2024-10-09T12:02:39+00:00","breadcrumb":{"@id":"http:\/\/spbazanowice.com.pl\/?p=21373#breadcrumb"},"inLanguage":"pl-PL","potentialAction":[{"@type":"ReadAction","target":["http:\/\/spbazanowice.com.pl\/?p=21373"]}]},{"@type":"ImageObject","inLanguage":"pl-PL","@id":"http:\/\/spbazanowice.com.pl\/?p=21373#primaryimage","url":"http:\/\/spbazanowice.com.pl\/wp-content\/uploads\/2024\/10\/1-6.png","contentUrl":"http:\/\/spbazanowice.com.pl\/wp-content\/uploads\/2024\/10\/1-6.png","width":1400,"height":1400},{"@type":"BreadcrumbList","@id":"http:\/\/spbazanowice.com.pl\/?p=21373#breadcrumb","itemListElement":[{"@type":"ListItem","position":1,"name":"Strona g\u0142\u00f3wna","item":"http:\/\/spbazanowice.com.pl\/"},{"@type":"ListItem","position":2,"name":"NIE dla czadu!"}]},{"@type":"WebSite","@id":"http:\/\/spbazanowice.com.pl\/#website","url":"http:\/\/spbazanowice.com.pl\/","name":"Szko\u0142a Podstawowa im. Paw\u0142a Stalmacha w Ba\u017canowicach","description":"","publisher":{"@id":"http:\/\/spbazanowice.com.pl\/#organization"},"potentialAction":[{"@type":"SearchAction","target":{"@type":"EntryPoint","urlTemplate":"http:\/\/spbazanowice.com.pl\/?s={search_term_string}"},"query-input":{"@type":"PropertyValueSpecification","valueRequired":true,"valueName":"search_term_string"}}],"inLanguage":"pl-PL"},{"@type":"Organization","@id":"http:\/\/spbazanowice.com.pl\/#organization","name":"Szko\u0142a Podstawowa im. Paw\u0142a Stalmacha w Ba\u017canowicach","url":"http:\/\/spbazanowice.com.pl\/","logo":{"@type":"ImageObject","inLanguage":"pl-PL","@id":"http:\/\/spbazanowice.com.pl\/#\/schema\/logo\/image\/","url":"http:\/\/spbazanowice.com.pl\/wp-content\/uploads\/2023\/03\/IMG-20211220-WA0000-1.jpg","contentUrl":"http:\/\/spbazanowice.com.pl\/wp-content\/uploads\/2023\/03\/IMG-20211220-WA0000-1.jpg","width":353,"height":396,"caption":"Szko\u0142a Podstawowa im. Paw\u0142a Stalmacha w Ba\u017canowicach"},"image":{"@id":"http:\/\/spbazanowice.com.pl\/#\/schema\/logo\/image\/"},"sameAs":["https:\/\/www.facebook.com\/people\/Szkoa-Podstawowa-im-Pawa-Stalmacha-w-Baanowicach\/100063560261577\/"]},{"@type":"Person","@id":"http:\/\/spbazanowice.com.pl\/#\/schema\/person\/33ef86d4a184dd9a737e21bfdcb04f7f","name":"Micha\u0142 D\u0105browski","image":{"@type":"ImageObject","inLanguage":"pl-PL","@id":"http:\/\/spbazanowice.com.pl\/#\/schema\/person\/image\/","url":"https:\/\/secure.gravatar.com\/avatar\/9ddb49673ee1f918288df843295001d4?s=96&d=mm&r=g","contentUrl":"https:\/\/secure.gravatar.com\/avatar\/9ddb49673ee1f918288df843295001d4?s=96&d=mm&r=g","caption":"Micha\u0142 D\u0105browski"},"url":"http:\/\/spbazanowice.com.pl\/?author=5"}]}},"_links":{"self":[{"href":"http:\/\/spbazanowice.com.pl\/index.php?rest_route=\/wp\/v2\/posts\/21373","targetHints":{"allow":["GET"]}}],"collection":[{"href":"http:\/\/spbazanowice.com.pl\/index.php?rest_route=\/wp\/v2\/posts"}],"about":[{"href":"http:\/\/spbazanowice.com.pl\/index.php?rest_route=\/wp\/v2\/types\/post"}],"author":[{"embeddable":true,"href":"http:\/\/spbazanowice.com.pl\/index.php?rest_route=\/wp\/v2\/users\/5"}],"replies":[{"embeddable":true,"href":"http:\/\/spbazanowice.com.pl\/index.php?rest_route=%2Fwp%2Fv2%2Fcomments&post=21373"}],"version-history":[{"count":3,"href":"http:\/\/spbazanowice.com.pl\/index.php?rest_route=\/wp\/v2\/posts\/21373\/revisions"}],"predecessor-version":[{"id":21390,"href":"http:\/\/spbazanowice.com.pl\/index.php?rest_route=\/wp\/v2\/posts\/21373\/revisions\/21390"}],"wp:featuredmedia":[{"embeddable":true,"href":"http:\/\/spbazanowice.com.pl\/index.php?rest_route=\/wp\/v2\/media\/21386"}],"wp:attachment":[{"href":"http:\/\/spbazanowice.com.pl\/index.php?rest_route=%2Fwp%2Fv2%2Fmedia&parent=21373"}],"wp:term":[{"taxonomy":"category","embeddable":true,"href":"http:\/\/spbazanowice.com.pl\/index.php?rest_route=%2Fwp%2Fv2%2Fcategories&post=21373"},{"taxonomy":"post_tag","embeddable":true,"href":"http:\/\/spbazanowice.com.pl\/index.php?rest_route=%2Fwp%2Fv2%2Ftags&post=21373"}],"curies":[{"name":"wp","href":"https:\/\/api.w.org\/{rel}","templated":true}]}}