{"id":21112,"date":"2024-09-22T17:01:48","date_gmt":"2024-09-22T15:01:48","guid":{"rendered":"http:\/\/spbazanowice.com.pl\/?p=21112"},"modified":"2024-09-22T17:01:59","modified_gmt":"2024-09-22T15:01:59","slug":"obchodow-200-letniej-rocznicy-urodzin-pawla-stalmacha-ciag-dalszy","status":"publish","type":"post","link":"http:\/\/spbazanowice.com.pl\/?p=21112","title":{"rendered":"Obchod\u00f3w 200. letniej rocznicy urodzin Paw\u0142a Stalmacha ci\u0105g dalszy."},"content":{"rendered":"\n<p>Po uroczysto\u015bciach w Gminie Golesz\u00f3w, szkolnych wydarzeniach zwi\u0105zanych z naszym Patronem przyszed\u0142 czas na uroczysto\u015bci miejskie. Jako dyrektor szko\u0142y z rado\u015bci\u0105 przyj\u0119\u0142am zaproszenie na konferencj\u0119 organizowan\u0105 przez Macierz Ziemi Cieszy\u0144skiej i Muzeum \u015al\u0105ska Cieszy\u0144skiego oraz dr Cezarego Tomiczka.<br>W czasie konferencji zaprezentowane zosta\u0142y przez naukowc\u00f3w bardzo ciekawe referaty przedstawiaj\u0105ce w nieoczywisty spos\u00f3b wydarzenia z \u017cycia Paw\u0142a Stalmacha, prezentuj\u0105c jego idea\u0142y oraz przedstawiaj\u0105c jego dzia\u0142alno\u015b\u0107 na tle historycznym. Po spotkaniu mo\u017cna by\u0142o obejrze\u0107 wystaw\u0119 po\u015bwi\u0119con\u0105 temu wybitnemu dzia\u0142aczowi \u015al\u0105ska Cieszy\u0144skiego, kt\u00f3ra wypo\u017cyczona zosta\u0142a muzeum przez Kongres Polak\u00f3w w Republice Czeskiej.<br>Konferencja by\u0142a nie tylko bardzo owocna, ale w spos\u00f3b uroczysty zamyka\u0142a wydarzenia, kt\u00f3re u\u015bwietnia\u0142y pami\u0119\u0107 Paw\u0142a Stalmacha w dwusetn\u0105 rocznic\u0119\u00a0Jego\u00a0Urodzin.<\/p>\n\n\n\n<figure class=\"wp-block-gallery has-nested-images columns-1 is-cropped wp-block-gallery-1 is-layout-flex wp-block-gallery-is-layout-flex\">\n<figure class=\"wp-block-image size-large\"><img fetchpriority=\"high\" decoding=\"async\" width=\"576\" height=\"1024\" data-id=\"21114\" src=\"http:\/\/spbazanowice.com.pl\/wp-content\/uploads\/2024\/09\/2-9-576x1024.png\" alt=\"\" class=\"wp-image-21114\" srcset=\"http:\/\/spbazanowice.com.pl\/wp-content\/uploads\/2024\/09\/2-9-576x1024.png 576w, http:\/\/spbazanowice.com.pl\/wp-content\/uploads\/2024\/09\/2-9-169x300.png 169w, http:\/\/spbazanowice.com.pl\/wp-content\/uploads\/2024\/09\/2-9-768x1365.png 768w, http:\/\/spbazanowice.com.pl\/wp-content\/uploads\/2024\/09\/2-9-864x1536.png 864w, http:\/\/spbazanowice.com.pl\/wp-content\/uploads\/2024\/09\/2-9.png 1080w\" sizes=\"(max-width: 576px) 100vw, 576px\" \/><\/figure>\n\n\n\n<figure class=\"wp-block-image size-large\"><img decoding=\"async\" width=\"576\" height=\"1024\" data-id=\"21116\" src=\"http:\/\/spbazanowice.com.pl\/wp-content\/uploads\/2024\/09\/3-7-576x1024.png\" alt=\"\" class=\"wp-image-21116\" srcset=\"http:\/\/spbazanowice.com.pl\/wp-content\/uploads\/2024\/09\/3-7-576x1024.png 576w, http:\/\/spbazanowice.com.pl\/wp-content\/uploads\/2024\/09\/3-7-169x300.png 169w, http:\/\/spbazanowice.com.pl\/wp-content\/uploads\/2024\/09\/3-7-768x1365.png 768w, http:\/\/spbazanowice.com.pl\/wp-content\/uploads\/2024\/09\/3-7-864x1536.png 864w, http:\/\/spbazanowice.com.pl\/wp-content\/uploads\/2024\/09\/3-7.png 1080w\" sizes=\"(max-width: 576px) 100vw, 576px\" \/><\/figure>\n\n\n\n<figure class=\"wp-block-image size-large\"><img decoding=\"async\" width=\"576\" height=\"1024\" data-id=\"21115\" src=\"http:\/\/spbazanowice.com.pl\/wp-content\/uploads\/2024\/09\/4-5-576x1024.png\" alt=\"\" class=\"wp-image-21115\" srcset=\"http:\/\/spbazanowice.com.pl\/wp-content\/uploads\/2024\/09\/4-5-576x1024.png 576w, http:\/\/spbazanowice.com.pl\/wp-content\/uploads\/2024\/09\/4-5-169x300.png 169w, http:\/\/spbazanowice.com.pl\/wp-content\/uploads\/2024\/09\/4-5-768x1365.png 768w, http:\/\/spbazanowice.com.pl\/wp-content\/uploads\/2024\/09\/4-5-864x1536.png 864w, http:\/\/spbazanowice.com.pl\/wp-content\/uploads\/2024\/09\/4-5.png 1080w\" sizes=\"(max-width: 576px) 100vw, 576px\" \/><\/figure>\n<\/figure>\n","protected":false},"excerpt":{"rendered":"<p>Po uroczysto\u015bciach w Gminie Golesz\u00f3w, szkolnych wydarzeniach zwi\u0105zanych z naszym Patronem przyszed\u0142 czas na uroczysto\u015bci miejskie. Jako dyrektor szko\u0142y z rado\u015bci\u0105 przyj\u0119\u0142am zaproszenie na konferencj\u0119 organizowan\u0105 przez Macierz Ziemi Cieszy\u0144skiej i Muzeum \u015al\u0105ska Cieszy\u0144skiego oraz dr Cezarego Tomiczka.W czasie konferencji zaprezentowane zosta\u0142y przez naukowc\u00f3w bardzo ciekawe referaty przedstawiaj\u0105ce w nieoczywisty spos\u00f3b wydarzenia z \u017cycia Paw\u0142a [&hellip;]<\/p>\n","protected":false},"author":5,"featured_media":21113,"comment_status":"closed","ping_status":"open","sticky":false,"template":"","format":"standard","meta":{"footnotes":""},"categories":[9],"tags":[],"class_list":["post-21112","post","type-post","status-publish","format-standard","has-post-thumbnail","hentry","category-aktualnosci"],"yoast_head":"<!-- This site is optimized with the Yoast SEO plugin v24.7 - https:\/\/yoast.com\/wordpress\/plugins\/seo\/ -->\n<title>Obchod\u00f3w 200. letniej rocznicy urodzin Paw\u0142a Stalmacha ci\u0105g dalszy. - Szko\u0142a Podstawowa im. Paw\u0142a Stalmacha w Ba\u017canowicach<\/title>\n<meta name=\"robots\" content=\"index, follow, max-snippet:-1, max-image-preview:large, max-video-preview:-1\" \/>\n<link rel=\"canonical\" href=\"http:\/\/spbazanowice.com.pl\/?p=21112\" \/>\n<meta property=\"og:locale\" content=\"pl_PL\" \/>\n<meta property=\"og:type\" content=\"article\" \/>\n<meta property=\"og:title\" content=\"Obchod\u00f3w 200. letniej rocznicy urodzin Paw\u0142a Stalmacha ci\u0105g dalszy. - Szko\u0142a Podstawowa im. Paw\u0142a Stalmacha w Ba\u017canowicach\" \/>\n<meta property=\"og:description\" content=\"Po uroczysto\u015bciach w Gminie Golesz\u00f3w, szkolnych wydarzeniach zwi\u0105zanych z naszym Patronem przyszed\u0142 czas na uroczysto\u015bci miejskie. Jako dyrektor szko\u0142y z rado\u015bci\u0105 przyj\u0119\u0142am zaproszenie na konferencj\u0119 organizowan\u0105 przez Macierz Ziemi Cieszy\u0144skiej i Muzeum \u015al\u0105ska Cieszy\u0144skiego oraz dr Cezarego Tomiczka.W czasie konferencji zaprezentowane zosta\u0142y przez naukowc\u00f3w bardzo ciekawe referaty przedstawiaj\u0105ce w nieoczywisty spos\u00f3b wydarzenia z \u017cycia Paw\u0142a [&hellip;]\" \/>\n<meta property=\"og:url\" content=\"http:\/\/spbazanowice.com.pl\/?p=21112\" \/>\n<meta property=\"og:site_name\" content=\"Szko\u0142a Podstawowa im. Paw\u0142a Stalmacha w Ba\u017canowicach\" \/>\n<meta property=\"article:publisher\" content=\"https:\/\/www.facebook.com\/people\/Szkoa-Podstawowa-im-Pawa-Stalmacha-w-Baanowicach\/100063560261577\/\" \/>\n<meta property=\"article:published_time\" content=\"2024-09-22T15:01:48+00:00\" \/>\n<meta property=\"article:modified_time\" content=\"2024-09-22T15:01:59+00:00\" \/>\n<meta property=\"og:image\" content=\"http:\/\/spbazanowice.com.pl\/wp-content\/uploads\/2024\/09\/1-13-576x1024.png\" \/>\n\t<meta property=\"og:image:width\" content=\"576\" \/>\n\t<meta property=\"og:image:height\" content=\"1024\" \/>\n\t<meta property=\"og:image:type\" content=\"image\/png\" \/>\n<meta name=\"author\" content=\"Micha\u0142 D\u0105browski\" \/>\n<meta name=\"twitter:card\" content=\"summary_large_image\" \/>\n<meta name=\"twitter:label1\" content=\"Napisane przez\" \/>\n\t<meta name=\"twitter:data1\" content=\"\" \/>\n\t<meta name=\"twitter:label2\" content=\"Szacowany czas czytania\" \/>\n\t<meta name=\"twitter:data2\" content=\"2 minuty\" \/>\n<script type=\"application\/ld+json\" class=\"yoast-schema-graph\">{\"@context\":\"https:\/\/schema.org\",\"@graph\":[{\"@type\":\"Article\",\"@id\":\"http:\/\/spbazanowice.com.pl\/?p=21112#article\",\"isPartOf\":{\"@id\":\"http:\/\/spbazanowice.com.pl\/?p=21112\"},\"author\":{\"name\":\"Micha\u0142 D\u0105browski\",\"@id\":\"http:\/\/spbazanowice.com.pl\/#\/schema\/person\/33ef86d4a184dd9a737e21bfdcb04f7f\"},\"headline\":\"Obchod\u00f3w 200. letniej rocznicy urodzin Paw\u0142a Stalmacha ci\u0105g dalszy.\",\"datePublished\":\"2024-09-22T15:01:48+00:00\",\"dateModified\":\"2024-09-22T15:01:59+00:00\",\"mainEntityOfPage\":{\"@id\":\"http:\/\/spbazanowice.com.pl\/?p=21112\"},\"wordCount\":159,\"publisher\":{\"@id\":\"http:\/\/spbazanowice.com.pl\/#organization\"},\"image\":{\"@id\":\"http:\/\/spbazanowice.com.pl\/?p=21112#primaryimage\"},\"thumbnailUrl\":\"http:\/\/spbazanowice.com.pl\/wp-content\/uploads\/2024\/09\/1-13.png\",\"articleSection\":[\"Aktualno\u015bci\"],\"inLanguage\":\"pl-PL\"},{\"@type\":\"WebPage\",\"@id\":\"http:\/\/spbazanowice.com.pl\/?p=21112\",\"url\":\"http:\/\/spbazanowice.com.pl\/?p=21112\",\"name\":\"Obchod\u00f3w 200. letniej rocznicy urodzin Paw\u0142a Stalmacha ci\u0105g dalszy. - Szko\u0142a Podstawowa im. Paw\u0142a Stalmacha w Ba\u017canowicach\",\"isPartOf\":{\"@id\":\"http:\/\/spbazanowice.com.pl\/#website\"},\"primaryImageOfPage\":{\"@id\":\"http:\/\/spbazanowice.com.pl\/?p=21112#primaryimage\"},\"image\":{\"@id\":\"http:\/\/spbazanowice.com.pl\/?p=21112#primaryimage\"},\"thumbnailUrl\":\"http:\/\/spbazanowice.com.pl\/wp-content\/uploads\/2024\/09\/1-13.png\",\"datePublished\":\"2024-09-22T15:01:48+00:00\",\"dateModified\":\"2024-09-22T15:01:59+00:00\",\"breadcrumb\":{\"@id\":\"http:\/\/spbazanowice.com.pl\/?p=21112#breadcrumb\"},\"inLanguage\":\"pl-PL\",\"potentialAction\":[{\"@type\":\"ReadAction\",\"target\":[\"http:\/\/spbazanowice.com.pl\/?p=21112\"]}]},{\"@type\":\"ImageObject\",\"inLanguage\":\"pl-PL\",\"@id\":\"http:\/\/spbazanowice.com.pl\/?p=21112#primaryimage\",\"url\":\"http:\/\/spbazanowice.com.pl\/wp-content\/uploads\/2024\/09\/1-13.png\",\"contentUrl\":\"http:\/\/spbazanowice.com.pl\/wp-content\/uploads\/2024\/09\/1-13.png\",\"width\":1080,\"height\":1920},{\"@type\":\"BreadcrumbList\",\"@id\":\"http:\/\/spbazanowice.com.pl\/?p=21112#breadcrumb\",\"itemListElement\":[{\"@type\":\"ListItem\",\"position\":1,\"name\":\"Strona g\u0142\u00f3wna\",\"item\":\"http:\/\/spbazanowice.com.pl\/\"},{\"@type\":\"ListItem\",\"position\":2,\"name\":\"Obchod\u00f3w 200. letniej rocznicy urodzin Paw\u0142a Stalmacha ci\u0105g dalszy.\"}]},{\"@type\":\"WebSite\",\"@id\":\"http:\/\/spbazanowice.com.pl\/#website\",\"url\":\"http:\/\/spbazanowice.com.pl\/\",\"name\":\"Szko\u0142a Podstawowa im. Paw\u0142a Stalmacha w Ba\u017canowicach\",\"description\":\"\",\"publisher\":{\"@id\":\"http:\/\/spbazanowice.com.pl\/#organization\"},\"potentialAction\":[{\"@type\":\"SearchAction\",\"target\":{\"@type\":\"EntryPoint\",\"urlTemplate\":\"http:\/\/spbazanowice.com.pl\/?s={search_term_string}\"},\"query-input\":{\"@type\":\"PropertyValueSpecification\",\"valueRequired\":true,\"valueName\":\"search_term_string\"}}],\"inLanguage\":\"pl-PL\"},{\"@type\":\"Organization\",\"@id\":\"http:\/\/spbazanowice.com.pl\/#organization\",\"name\":\"Szko\u0142a Podstawowa im. Paw\u0142a Stalmacha w Ba\u017canowicach\",\"url\":\"http:\/\/spbazanowice.com.pl\/\",\"logo\":{\"@type\":\"ImageObject\",\"inLanguage\":\"pl-PL\",\"@id\":\"http:\/\/spbazanowice.com.pl\/#\/schema\/logo\/image\/\",\"url\":\"http:\/\/spbazanowice.com.pl\/wp-content\/uploads\/2023\/03\/IMG-20211220-WA0000-1.jpg\",\"contentUrl\":\"http:\/\/spbazanowice.com.pl\/wp-content\/uploads\/2023\/03\/IMG-20211220-WA0000-1.jpg\",\"width\":353,\"height\":396,\"caption\":\"Szko\u0142a Podstawowa im. Paw\u0142a Stalmacha w Ba\u017canowicach\"},\"image\":{\"@id\":\"http:\/\/spbazanowice.com.pl\/#\/schema\/logo\/image\/\"},\"sameAs\":[\"https:\/\/www.facebook.com\/people\/Szkoa-Podstawowa-im-Pawa-Stalmacha-w-Baanowicach\/100063560261577\/\"]},{\"@type\":\"Person\",\"@id\":\"http:\/\/spbazanowice.com.pl\/#\/schema\/person\/33ef86d4a184dd9a737e21bfdcb04f7f\",\"name\":\"Micha\u0142 D\u0105browski\",\"image\":{\"@type\":\"ImageObject\",\"inLanguage\":\"pl-PL\",\"@id\":\"http:\/\/spbazanowice.com.pl\/#\/schema\/person\/image\/\",\"url\":\"https:\/\/secure.gravatar.com\/avatar\/9ddb49673ee1f918288df843295001d4?s=96&d=mm&r=g\",\"contentUrl\":\"https:\/\/secure.gravatar.com\/avatar\/9ddb49673ee1f918288df843295001d4?s=96&d=mm&r=g\",\"caption\":\"Micha\u0142 D\u0105browski\"},\"url\":\"http:\/\/spbazanowice.com.pl\/?author=5\"}]}<\/script>\n<!-- \/ Yoast SEO plugin. -->","yoast_head_json":{"title":"Obchod\u00f3w 200. letniej rocznicy urodzin Paw\u0142a Stalmacha ci\u0105g dalszy. - Szko\u0142a Podstawowa im. Paw\u0142a Stalmacha w Ba\u017canowicach","robots":{"index":"index","follow":"follow","max-snippet":"max-snippet:-1","max-image-preview":"max-image-preview:large","max-video-preview":"max-video-preview:-1"},"canonical":"http:\/\/spbazanowice.com.pl\/?p=21112","og_locale":"pl_PL","og_type":"article","og_title":"Obchod\u00f3w 200. letniej rocznicy urodzin Paw\u0142a Stalmacha ci\u0105g dalszy. - Szko\u0142a Podstawowa im. Paw\u0142a Stalmacha w Ba\u017canowicach","og_description":"Po uroczysto\u015bciach w Gminie Golesz\u00f3w, szkolnych wydarzeniach zwi\u0105zanych z naszym Patronem przyszed\u0142 czas na uroczysto\u015bci miejskie. Jako dyrektor szko\u0142y z rado\u015bci\u0105 przyj\u0119\u0142am zaproszenie na konferencj\u0119 organizowan\u0105 przez Macierz Ziemi Cieszy\u0144skiej i Muzeum \u015al\u0105ska Cieszy\u0144skiego oraz dr Cezarego Tomiczka.W czasie konferencji zaprezentowane zosta\u0142y przez naukowc\u00f3w bardzo ciekawe referaty przedstawiaj\u0105ce w nieoczywisty spos\u00f3b wydarzenia z \u017cycia Paw\u0142a [&hellip;]","og_url":"http:\/\/spbazanowice.com.pl\/?p=21112","og_site_name":"Szko\u0142a Podstawowa im. Paw\u0142a Stalmacha w Ba\u017canowicach","article_publisher":"https:\/\/www.facebook.com\/people\/Szkoa-Podstawowa-im-Pawa-Stalmacha-w-Baanowicach\/100063560261577\/","article_published_time":"2024-09-22T15:01:48+00:00","article_modified_time":"2024-09-22T15:01:59+00:00","og_image":[{"width":576,"height":1024,"url":"http:\/\/spbazanowice.com.pl\/wp-content\/uploads\/2024\/09\/1-13-576x1024.png","type":"image\/png"}],"author":"Micha\u0142 D\u0105browski","twitter_card":"summary_large_image","twitter_misc":{"Napisane przez":false,"Szacowany czas czytania":"2 minuty"},"schema":{"@context":"https:\/\/schema.org","@graph":[{"@type":"Article","@id":"http:\/\/spbazanowice.com.pl\/?p=21112#article","isPartOf":{"@id":"http:\/\/spbazanowice.com.pl\/?p=21112"},"author":{"name":"Micha\u0142 D\u0105browski","@id":"http:\/\/spbazanowice.com.pl\/#\/schema\/person\/33ef86d4a184dd9a737e21bfdcb04f7f"},"headline":"Obchod\u00f3w 200. letniej rocznicy urodzin Paw\u0142a Stalmacha ci\u0105g dalszy.","datePublished":"2024-09-22T15:01:48+00:00","dateModified":"2024-09-22T15:01:59+00:00","mainEntityOfPage":{"@id":"http:\/\/spbazanowice.com.pl\/?p=21112"},"wordCount":159,"publisher":{"@id":"http:\/\/spbazanowice.com.pl\/#organization"},"image":{"@id":"http:\/\/spbazanowice.com.pl\/?p=21112#primaryimage"},"thumbnailUrl":"http:\/\/spbazanowice.com.pl\/wp-content\/uploads\/2024\/09\/1-13.png","articleSection":["Aktualno\u015bci"],"inLanguage":"pl-PL"},{"@type":"WebPage","@id":"http:\/\/spbazanowice.com.pl\/?p=21112","url":"http:\/\/spbazanowice.com.pl\/?p=21112","name":"Obchod\u00f3w 200. letniej rocznicy urodzin Paw\u0142a Stalmacha ci\u0105g dalszy. - Szko\u0142a Podstawowa im. Paw\u0142a Stalmacha w Ba\u017canowicach","isPartOf":{"@id":"http:\/\/spbazanowice.com.pl\/#website"},"primaryImageOfPage":{"@id":"http:\/\/spbazanowice.com.pl\/?p=21112#primaryimage"},"image":{"@id":"http:\/\/spbazanowice.com.pl\/?p=21112#primaryimage"},"thumbnailUrl":"http:\/\/spbazanowice.com.pl\/wp-content\/uploads\/2024\/09\/1-13.png","datePublished":"2024-09-22T15:01:48+00:00","dateModified":"2024-09-22T15:01:59+00:00","breadcrumb":{"@id":"http:\/\/spbazanowice.com.pl\/?p=21112#breadcrumb"},"inLanguage":"pl-PL","potentialAction":[{"@type":"ReadAction","target":["http:\/\/spbazanowice.com.pl\/?p=21112"]}]},{"@type":"ImageObject","inLanguage":"pl-PL","@id":"http:\/\/spbazanowice.com.pl\/?p=21112#primaryimage","url":"http:\/\/spbazanowice.com.pl\/wp-content\/uploads\/2024\/09\/1-13.png","contentUrl":"http:\/\/spbazanowice.com.pl\/wp-content\/uploads\/2024\/09\/1-13.png","width":1080,"height":1920},{"@type":"BreadcrumbList","@id":"http:\/\/spbazanowice.com.pl\/?p=21112#breadcrumb","itemListElement":[{"@type":"ListItem","position":1,"name":"Strona g\u0142\u00f3wna","item":"http:\/\/spbazanowice.com.pl\/"},{"@type":"ListItem","position":2,"name":"Obchod\u00f3w 200. letniej rocznicy urodzin Paw\u0142a Stalmacha ci\u0105g dalszy."}]},{"@type":"WebSite","@id":"http:\/\/spbazanowice.com.pl\/#website","url":"http:\/\/spbazanowice.com.pl\/","name":"Szko\u0142a Podstawowa im. Paw\u0142a Stalmacha w Ba\u017canowicach","description":"","publisher":{"@id":"http:\/\/spbazanowice.com.pl\/#organization"},"potentialAction":[{"@type":"SearchAction","target":{"@type":"EntryPoint","urlTemplate":"http:\/\/spbazanowice.com.pl\/?s={search_term_string}"},"query-input":{"@type":"PropertyValueSpecification","valueRequired":true,"valueName":"search_term_string"}}],"inLanguage":"pl-PL"},{"@type":"Organization","@id":"http:\/\/spbazanowice.com.pl\/#organization","name":"Szko\u0142a Podstawowa im. Paw\u0142a Stalmacha w Ba\u017canowicach","url":"http:\/\/spbazanowice.com.pl\/","logo":{"@type":"ImageObject","inLanguage":"pl-PL","@id":"http:\/\/spbazanowice.com.pl\/#\/schema\/logo\/image\/","url":"http:\/\/spbazanowice.com.pl\/wp-content\/uploads\/2023\/03\/IMG-20211220-WA0000-1.jpg","contentUrl":"http:\/\/spbazanowice.com.pl\/wp-content\/uploads\/2023\/03\/IMG-20211220-WA0000-1.jpg","width":353,"height":396,"caption":"Szko\u0142a Podstawowa im. Paw\u0142a Stalmacha w Ba\u017canowicach"},"image":{"@id":"http:\/\/spbazanowice.com.pl\/#\/schema\/logo\/image\/"},"sameAs":["https:\/\/www.facebook.com\/people\/Szkoa-Podstawowa-im-Pawa-Stalmacha-w-Baanowicach\/100063560261577\/"]},{"@type":"Person","@id":"http:\/\/spbazanowice.com.pl\/#\/schema\/person\/33ef86d4a184dd9a737e21bfdcb04f7f","name":"Micha\u0142 D\u0105browski","image":{"@type":"ImageObject","inLanguage":"pl-PL","@id":"http:\/\/spbazanowice.com.pl\/#\/schema\/person\/image\/","url":"https:\/\/secure.gravatar.com\/avatar\/9ddb49673ee1f918288df843295001d4?s=96&d=mm&r=g","contentUrl":"https:\/\/secure.gravatar.com\/avatar\/9ddb49673ee1f918288df843295001d4?s=96&d=mm&r=g","caption":"Micha\u0142 D\u0105browski"},"url":"http:\/\/spbazanowice.com.pl\/?author=5"}]}},"_links":{"self":[{"href":"http:\/\/spbazanowice.com.pl\/index.php?rest_route=\/wp\/v2\/posts\/21112","targetHints":{"allow":["GET"]}}],"collection":[{"href":"http:\/\/spbazanowice.com.pl\/index.php?rest_route=\/wp\/v2\/posts"}],"about":[{"href":"http:\/\/spbazanowice.com.pl\/index.php?rest_route=\/wp\/v2\/types\/post"}],"author":[{"embeddable":true,"href":"http:\/\/spbazanowice.com.pl\/index.php?rest_route=\/wp\/v2\/users\/5"}],"replies":[{"embeddable":true,"href":"http:\/\/spbazanowice.com.pl\/index.php?rest_route=%2Fwp%2Fv2%2Fcomments&post=21112"}],"version-history":[{"count":2,"href":"http:\/\/spbazanowice.com.pl\/index.php?rest_route=\/wp\/v2\/posts\/21112\/revisions"}],"predecessor-version":[{"id":21118,"href":"http:\/\/spbazanowice.com.pl\/index.php?rest_route=\/wp\/v2\/posts\/21112\/revisions\/21118"}],"wp:featuredmedia":[{"embeddable":true,"href":"http:\/\/spbazanowice.com.pl\/index.php?rest_route=\/wp\/v2\/media\/21113"}],"wp:attachment":[{"href":"http:\/\/spbazanowice.com.pl\/index.php?rest_route=%2Fwp%2Fv2%2Fmedia&parent=21112"}],"wp:term":[{"taxonomy":"category","embeddable":true,"href":"http:\/\/spbazanowice.com.pl\/index.php?rest_route=%2Fwp%2Fv2%2Fcategories&post=21112"},{"taxonomy":"post_tag","embeddable":true,"href":"http:\/\/spbazanowice.com.pl\/index.php?rest_route=%2Fwp%2Fv2%2Ftags&post=21112"}],"curies":[{"name":"wp","href":"https:\/\/api.w.org\/{rel}","templated":true}]}}